{"id":61139,"date":"2011-02-23T12:14:10","date_gmt":"2011-02-23T10:14:10","guid":{"rendered":"http:\/\/www.nationalturk.com\/?p=61139"},"modified":"2011-02-23T12:14:10","modified_gmt":"2011-02-23T10:14:10","slug":"libya-da-son-durum-yunus-emre-celik-61139","status":"publish","type":"post","link":"https:\/\/www.nationalturk.com\/tr\/libya-da-son-durum-yunus-emre-celik-61139\/","title":{"rendered":"Libya&#8217;da son durum! \u0130\u015f\u00e7i Yunus Emre \u00c7elik hayat\u0131n\u0131 kaybetti"},"content":{"rendered":"<h1><img loading=\"lazy\" decoding=\"async\" class=\"alignleft size-medium wp-image-61140\" title=\"Ahmet Davuto\u011flu\" src=\"http:\/\/www.nationalturk.com\/tr\/wp-content\/uploads\/2011\/02\/ahmetdavutoglu_aciklama-280x196.jpg\" alt=\"\" width=\"280\" height=\"196\" srcset=\"https:\/\/www.nationalturk.com\/tr\/wp-content\/uploads\/2011\/02\/ahmetdavutoglu_aciklama-280x196.jpg 280w, https:\/\/www.nationalturk.com\/tr\/wp-content\/uploads\/2011\/02\/ahmetdavutoglu_aciklama.jpg 437w\" sizes=\"auto, (max-width: 280px) 100vw, 280px\" \/>D\u0131\u015fi\u015fleri Bakan\u0131 Ahmet Davuto\u011flu, Libya&#8217;da \u00e7\u0131kan olaylarda T\u00fcrk vatanda\u015f\u0131 Yunus Emre \u00c7elik&#8217;in hayat\u0131n\u0131 kaybetti\u011fini a\u00e7\u0131klad\u0131. Libya&#8217;da son durum&#8230;<\/h1>\n<p>Libya&#8217;daki T\u00fcrk vatanda\u015flar\u0131n\u0131n tahliyesiyle ilgili olarak a\u00e7\u0131klamalarda bulunan D\u0131\u015fi\u015fleri Bakan\u0131 Ahmet Davuto\u011flu,\u00a072 saatte toplam 5099 ki\u015finin tahliye edildi\u011fini ifade ederek\u00a0\u201cVatanda\u015flar\u0131m\u0131z\u0131n can g\u00fcvenli\u011fine halel getirmemek i\u00e7in b\u00fcy\u00fck \u00e7aba g\u00f6steriyoruz. \u00c7ok hassas davran\u0131yoruz. Libya&#8217;da \u00e7ok boyutlu bir meydan okuma var.\u00a0Do\u011fru mesajlar\u0131 vermek, do\u011fru ad\u0131mlar\u0131 atmak \u00f6ncelikli hedefimizdir. Ba\u015fbakan Erdo\u011fan Muammer Kaddafi ile 2 kez g\u00f6r\u00fc\u015ft\u00fc.\u00a0400 diplomat\u0131n 120\u2019si \u00fc\u00e7 vardiya halinde \u00e7al\u0131\u015f\u0131yor&#8221; dedi.<\/p>\n<p>Libya&#8217;da faaliyet g\u00f6steren T\u00fcrk \u015firketlere ait \u015fantiyelerin hangilerinde risk oldu\u011funu ara\u015ft\u0131rmaya devam ettiklerini bildiren Ahmet Davuto\u011flu, &#8220;Trablus\u2019tan 1422, Bingazi\u2019den 1929, \u0130skenderiye\u2019den 248 ki\u015fi, Bingazi liman\u0131\u2019ndan ise 3 bin ki\u015fi tahliye edildi. Son 72 saatte 5099 ki\u015fi tahliye edildi. Hi\u00e7bir \u00fclke b\u00f6yle bir tahliye yapamad\u0131.\u00a0Hava, kara ve deniz yoluyla tahliye yap\u0131l\u0131yor. Deniz kurtarmada yak\u0131t ikmalini Genelkurmay Ba\u015fkanl\u0131\u011f\u0131 deste\u011fiyle yap\u0131yoruz. Sabah 5.30\u2019a kadar Ba\u015fbakan\u0131m\u0131z da takip etti.\u00a0Oradaki vatanda\u015flar\u0131m\u0131z\u0131n pani\u011fe kap\u0131lmamalar\u0131 gerekiyor&#8221; diye konu\u015ftu.<\/p>\n<p>Ahmet Davuto\u011flu, T\u00fcrkiye Cumhuriyeti tarihinin en geni\u015f tahliye i\u015flemini y\u00fcr\u00fctt\u00fcklerini iddia ederek 21 \u00fclkenin tahliye i\u00e7in T\u00fcrkiye&#8217;den yard\u0131m istedi\u011fini s\u00f6yledi.\u00a0Bakan Davuto\u011flu, Yunus Emre \u00c7elik isimli Trabzonlu bir vatanda\u015f\u0131n ba\u015fkent Trablus&#8217;taki \u015fantiyelerden birinde hayat\u0131n\u0131 kaybetti\u011fini a\u00e7\u0131klad\u0131.<\/p>\n<!-- Error, Advert is not available at this time due to schedule\/geolocation restrictions! -->\n<!-- Error, Advert is not available at this time due to schedule\/geolocation restrictions! -->\n","protected":false},"excerpt":{"rendered":"<p>D\u0131\u015fi\u015fleri Bakan\u0131 Ahmet Davuto\u011flu, Libya&#8217;da \u00e7\u0131kan olaylarda T\u00fcrk vatanda\u015f\u0131 Yunus Emre \u00c7elik&#8217;in hayat\u0131n\u0131 kaybetti\u011fini a\u00e7\u0131klad\u0131. Libya&#8217;da son durum&#8230;<\/p>\n","protected":false},"author":4,"featured_media":189094,"comment_status":"open","ping_status":"open","sticky":false,"template":"","format":"standard","meta":{"_acf_changed":false,"footnotes":""},"categories":[6767,6665,6155,5005,6772,6202,349],"tags":[8773,62878,63288,63212,4787,63118,63304],"class_list":["post-61139","post","type-post","status-publish","format-standard","has-post-thumbnail","hentry","category-afrika","category-dunya","category-gundem","category-manset","category-ortadogu","category-politika","category-son-dakika","tag-ahmet-davutoglu","tag-bingazi-olaylar","tag-bingazi-son-durum","tag-bingazide-son-durum","tag-libya","tag-libya-son-durum","tag-yunus-emre-celik"],"acf":[],"_links":{"self":[{"href":"https:\/\/www.nationalturk.com\/tr\/wp-json\/wp\/v2\/posts\/61139","targetHints":{"allow":["GET"]}}],"collection":[{"href":"https:\/\/www.nationalturk.com\/tr\/wp-json\/wp\/v2\/posts"}],"about":[{"href":"https:\/\/www.nationalturk.com\/tr\/wp-json\/wp\/v2\/types\/post"}],"author":[{"embeddable":true,"href":"https:\/\/www.nationalturk.com\/tr\/wp-json\/wp\/v2\/users\/4"}],"replies":[{"embeddable":true,"href":"https:\/\/www.nationalturk.com\/tr\/wp-json\/wp\/v2\/comments?post=61139"}],"version-history":[{"count":0,"href":"https:\/\/www.nationalturk.com\/tr\/wp-json\/wp\/v2\/posts\/61139\/revisions"}],"wp:featuredmedia":[{"embeddable":true,"href":"https:\/\/www.nationalturk.com\/tr\/wp-json\/wp\/v2\/media\/189094"}],"wp:attachment":[{"href":"https:\/\/www.nationalturk.com\/tr\/wp-json\/wp\/v2\/media?parent=61139"}],"wp:term":[{"taxonomy":"category","embeddable":true,"href":"https:\/\/www.nationalturk.com\/tr\/wp-json\/wp\/v2\/categories?post=61139"},{"taxonomy":"post_tag","embeddable":true,"href":"https:\/\/www.nationalturk.com\/tr\/wp-json\/wp\/v2\/tags?post=61139"}],"curies":[{"name":"wp","href":"https:\/\/api.w.org\/{rel}","templated":true}]}}