{"id":61185,"date":"2011-02-24T09:38:45","date_gmt":"2011-02-24T07:38:45","guid":{"rendered":"http:\/\/www.nationalturk.com\/?p=61185"},"modified":"2011-02-24T10:25:20","modified_gmt":"2011-02-24T08:25:20","slug":"libya-da-son-durum-turklerin-tahliyesi-1394","status":"publish","type":"post","link":"https:\/\/www.nationalturk.com\/tr\/libya-da-son-durum-turklerin-tahliyesi-1394\/","title":{"rendered":"Libya &#8216;da son durum ! T\u00fcrklerin tahliyesi devam ediyor"},"content":{"rendered":"<h2><a href=\"http:\/\/www.nationalturk.com\/tr\/wp-content\/uploads\/2011\/02\/libyada-son-durum-tahliye.jpg\"><img loading=\"lazy\" decoding=\"async\" class=\"alignleft size-medium wp-image-61186\" title=\"Libya &#039;da son durum ! T\u00fcrklerin tahliyesi devam ediyor\" src=\"http:\/\/www.nationalturk.com\/tr\/wp-content\/uploads\/2011\/02\/libyada-son-durum-tahliye-280x210.jpg\" alt=\"\" width=\"280\" height=\"210\" srcset=\"https:\/\/www.nationalturk.com\/tr\/wp-content\/uploads\/2011\/02\/libyada-son-durum-tahliye-280x210.jpg 280w, https:\/\/www.nationalturk.com\/tr\/wp-content\/uploads\/2011\/02\/libyada-son-durum-tahliye.jpg 500w\" sizes=\"auto, (max-width: 280px) 100vw, 280px\" \/><\/a>Libya &#8216;da son durum ! T\u00fcrklerin tahliyesi devam ediyor<\/h2>\n<p>Libya\u2019daki i\u00e7 kar\u0131\u015f\u0131kl\u0131k sebebiyle T\u00fcrk vatanda\u015flar\u0131n\u0131n tahliyesi devam ediyor. Libya &#8216;da bulunan bir\u00e7ok T\u00fcrk &#8216;\u00fcn tahliyesi devam ederken, Do\u011fu\u015f Holding de Libya &#8216;daki 168 i\u015f\u00e7isini aileleriyle birlikte \u00f6zel u\u00e7akla \u0130stanbul\u2019a getirdi. \u0130\u015f\u00e7iler, bilin\u00e7sizce deme\u00e7 verdi\u011fini iddia etti\u011fi siyasilere tepki g\u00f6sterdi.<\/p>\n<p>Libya\u2019da faaliyet g\u00f6steren Do\u011fu\u015f \u0130n\u015faat, 540 i\u015f\u00e7isinin tahliyesine ba\u015flad\u0131. Sirte \u015fehrindeki i\u015f\u00e7ilerin tahliyesi i\u00e7in Do\u011fu\u015f Holding \u00f6zel u\u00e7ak g\u00f6nderdi. Buradaki askeri havaalan\u0131na inen u\u00e7ak, aralar\u0131nda kad\u0131n ve \u00e7ocuklar\u0131n da bulundu\u011fu 168 T\u00fcrk vatanda\u015f\u0131n\u0131 \u0130stanbul\u2019a getirdi.<\/p>\n<p>Sabiha G\u00f6k\u00e7en Uluslararas\u0131 Havaliman\u0131\u2019na saat 02.40\u2019ta inen u\u00e7aktaki yolcular\u0131 Do\u011fu\u015f Holding Y\u00f6netim Kurulu Ba\u015fkan\u0131 Ferit \u015eahenk kar\u015f\u0131lad\u0131.<\/p>\n<p>T\u00fcrkiye\u2019ye d\u00f6nen i\u015f\u00e7iler, havaliman\u0131nda yak\u0131nlar\u0131yla hasret giderdi. \u0130\u015f\u00e7ilerden Talip Berk, \u015fantiyelerinin bulundu\u011fu Sirte \u015fehrinde herhangi bir kar\u0131\u015f\u0131kl\u0131\u011f\u0131n bulunmad\u0131\u011f\u0131n\u0131 s\u00f6yledi. Libya halk\u0131n\u0131n kendilerine \u00e7ok iyi davrand\u0131\u011f\u0131n\u0131 ifade eden Berk, baz\u0131 b\u00f6lgelerde yiyecek s\u0131k\u0131nt\u0131s\u0131 ya\u015fand\u0131\u011f\u0131n\u0131 aktard\u0131.<\/p>\n<p>E\u015fiyle birlikte Libya\u2019da bulunan Filiz Kurnaz da iki \u00e7ocu\u011fuyla birlikte \u0130stanbul\u2019a gelenler aras\u0131nda yer ald\u0131. Kurnaz, Sirte kentinde durumun normal oldu\u011funu ve bir s\u0131k\u0131nt\u0131 ya\u015famad\u0131klar\u0131n\u0131 aktard\u0131. T\u00fcrkiye\u2019deki siyasilerin yapt\u0131\u011f\u0131 baz\u0131 a\u00e7\u0131klamalar\u0131n Libya\u2019daki T\u00fcrkleri zor durumda b\u0131rakt\u0131\u011f\u0131n\u0131 savunan Filiz Kurnaz, ba\u015fta siyasiler ve medya olmak \u00fczere herkesin sorumlu davranmas\u0131 gerekti\u011fini belirtti. Baz\u0131 i\u015f\u00e7iler de a\u00e7\u0131klamalar\u0131ndan dolay\u0131 CHP lideri Kemal K\u0131l\u0131\u00e7daro\u011flu\u2019na tepki g\u00f6sterdi.<\/p>\n<p>\u0130stanbul\u2019da kalacak olan i\u015f\u00e7iler, \u00e7al\u0131\u015ft\u0131klar\u0131 firma taraf\u0131ndan minib\u00fcslerle evlerine kadar g\u00f6t\u00fcr\u00fcld\u00fc. \u0130stanbul d\u0131\u015f\u0131na gidecek olanlar ise Do\u011fu\u015f Holding\u2019in Ba\u011fc\u0131lar\u2019daki misafirhanesine yerle\u015ftirildi. Do\u011fu\u015f Holding yetkilileri, Libya\u2019daki 540 i\u015f\u00e7isinin tamam\u0131n\u0131 \u00f6zel u\u00e7aklarla T\u00fcrkiye\u2019ye getireceklerini belirtti.<\/p>\n<span style=\"font-weight: bold; color: #f00;\">Error, group does not exist! Check your syntax! (ID: 51)<\/span>\n","protected":false},"excerpt":{"rendered":"<p>Libya &#8216;da son durum T\u00fcrklerin tahliyesi devam ediyor. Libya\u2019daki i\u00e7 kar\u0131\u015f\u0131kl\u0131k sebebiyle T\u00fcrk vatanda\u015flar\u0131n\u0131n tahliyesi devam ediyor.<\/p>\n","protected":false},"author":3,"featured_media":61186,"comment_status":"open","ping_status":"open","sticky":false,"template":"","format":"standard","meta":{"_acf_changed":false,"footnotes":""},"categories":[6767,6665,6155,5005,6772,6805,6662],"tags":[63362,63359,63360,63363,47832,63365,63361,63118,63358,63364],"class_list":["post-61185","post","type-post","status-publish","format-standard","has-post-thumbnail","hentry","category-afrika","category-dunya","category-gundem","category-manset","category-ortadogu","category-turkiye","category-yasam","tag-dogus-holding-iscileri-tahliye","tag-dogus-holding-libya","tag-dogus-holding-libya-isciler","tag-dogus-insaat-iscileri-tahliye","tag-ferit-sahenk","tag-filiz-kurnaz","tag-libya-isciler-tahliyesi","tag-libya-son-durum","tag-libya-tahliyeler","tag-sabiha-gokcen-uluslararasi-havalimani"],"acf":[],"_links":{"self":[{"href":"https:\/\/www.nationalturk.com\/tr\/wp-json\/wp\/v2\/posts\/61185","targetHints":{"allow":["GET"]}}],"collection":[{"href":"https:\/\/www.nationalturk.com\/tr\/wp-json\/wp\/v2\/posts"}],"about":[{"href":"https:\/\/www.nationalturk.com\/tr\/wp-json\/wp\/v2\/types\/post"}],"author":[{"embeddable":true,"href":"https:\/\/www.nationalturk.com\/tr\/wp-json\/wp\/v2\/users\/3"}],"replies":[{"embeddable":true,"href":"https:\/\/www.nationalturk.com\/tr\/wp-json\/wp\/v2\/comments?post=61185"}],"version-history":[{"count":0,"href":"https:\/\/www.nationalturk.com\/tr\/wp-json\/wp\/v2\/posts\/61185\/revisions"}],"wp:featuredmedia":[{"embeddable":true,"href":"https:\/\/www.nationalturk.com\/tr\/wp-json\/wp\/v2\/media\/61186"}],"wp:attachment":[{"href":"https:\/\/www.nationalturk.com\/tr\/wp-json\/wp\/v2\/media?parent=61185"}],"wp:term":[{"taxonomy":"category","embeddable":true,"href":"https:\/\/www.nationalturk.com\/tr\/wp-json\/wp\/v2\/categories?post=61185"},{"taxonomy":"post_tag","embeddable":true,"href":"https:\/\/www.nationalturk.com\/tr\/wp-json\/wp\/v2\/tags?post=61185"}],"curies":[{"name":"wp","href":"https:\/\/api.w.org\/{rel}","templated":true}]}}