{"id":61188,"date":"2011-02-24T10:13:19","date_gmt":"2011-02-24T08:13:19","guid":{"rendered":"http:\/\/www.nationalturk.com\/?p=61188"},"modified":"2011-02-24T10:16:38","modified_gmt":"2011-02-24T08:16:38","slug":"kucukcekmece-soba-zehirlenmesi-4846","status":"publish","type":"post","link":"https:\/\/www.nationalturk.com\/tr\/kucukcekmece-soba-zehirlenmesi-4846\/","title":{"rendered":"K\u00fc\u00e7\u00fck\u00e7ekmece&#8217;de soba zehirlenmesinden 3 ki\u015fi \u00f6ld\u00fc"},"content":{"rendered":"<h3><a href=\"http:\/\/www.nationalturk.com\/tr\/wp-content\/uploads\/2011\/01\/son-dakika-yatay10.jpg\"><img loading=\"lazy\" decoding=\"async\" class=\"alignleft size-medium wp-image-57625\" title=\"K\u00fc\u00e7\u00fck\u00e7ekmece&#039;de soba zehirlenmesinden 3 ki\u015fi \u00f6ld\u00fc\" src=\"http:\/\/www.nationalturk.com\/tr\/wp-content\/uploads\/2011\/01\/son-dakika-yatay10-280x161.jpg\" alt=\"\" width=\"280\" height=\"161\" srcset=\"https:\/\/www.nationalturk.com\/tr\/wp-content\/uploads\/2011\/01\/son-dakika-yatay10-280x161.jpg 280w, https:\/\/www.nationalturk.com\/tr\/wp-content\/uploads\/2011\/01\/son-dakika-yatay10-610x351.jpg 610w, https:\/\/www.nationalturk.com\/tr\/wp-content\/uploads\/2011\/01\/son-dakika-yatay10.jpg 708w\" sizes=\"auto, (max-width: 280px) 100vw, 280px\" \/><\/a>K\u00fc\u00e7\u00fck\u00e7ekmece&#8217;de soba zehirlenmesinden 3 ki\u015fi \u00f6ld\u00fc<\/h3>\n<p>K\u00fc\u00e7\u00fck\u00e7ekmece&#8217;de, sobadan s\u0131zan karbonmonoksit gaz\u0131ndan zehirlenen anne, baba ve \u00e7iftin 3 ya\u015f\u0131ndaki o\u011fullar\u0131 hayat\u0131n\u0131 kaybetti.<\/p>\n<p>\u0130kitelli Mehmet Akif Mahallesi Sembol Sokak&#8217;taki apartman dairesinde soba zehirlenmesi meydana geldi. \u00dcnsal ailesinin kald\u0131\u011f\u0131 dairede karbonmonoksit gaz\u0131ndan zehirlenen anne Fadime \u00dcnsal (21), baba Mehmet \u00dcnsal (27) ve \u00e7iftin \u00e7ocuklar\u0131 Ahmet \u00dcnsal (3) hayat\u0131n\u0131 kaybetti.<\/p>\n<p>Olayla ilgili ara\u015ft\u0131rmalar s\u00fcr\u00fcyor.<\/p>\n","protected":false},"excerpt":{"rendered":"<p>K\u00fc\u00e7\u00fck\u00e7ekmece&#8217;de soba zehirlenmesinden 3 ki\u015fi \u00f6ld\u00fc. K\u00fc\u00e7\u00fck\u00e7ekmece&#8217;de, sobadan s\u0131zan karbonmonoksit gaz\u0131ndan zehirlenen anne, baba ve \u00e7iftin 3 ya\u015f\u0131ndaki o\u011fullar\u0131 hayat\u0131n\u0131 kaybetti.<\/p>\n","protected":false},"author":3,"featured_media":57625,"comment_status":"open","ping_status":"open","sticky":false,"template":"","format":"standard","meta":{"_acf_changed":false,"footnotes":""},"categories":[6155,5005,349,6805],"tags":[47434,63372,63371,63370,63369,63367,63366,63368],"class_list":["post-61188","post","type-post","status-publish","format-standard","has-post-thumbnail","hentry","category-gundem","category-manset","category-son-dakika","category-turkiye","tag-ahmet-unsal","tag-baba-mehmet-unsal","tag-fadime-unsal","tag-ikitelli-mehmet-akif-mahallesi-sembol-sokak","tag-kucukcekmece-olum","tag-kucukcekmece-soba","tag-kucukcekmece-soba-zehirlenmesi","tag-sobadan-zehirlendi"],"acf":[],"_links":{"self":[{"href":"https:\/\/www.nationalturk.com\/tr\/wp-json\/wp\/v2\/posts\/61188","targetHints":{"allow":["GET"]}}],"collection":[{"href":"https:\/\/www.nationalturk.com\/tr\/wp-json\/wp\/v2\/posts"}],"about":[{"href":"https:\/\/www.nationalturk.com\/tr\/wp-json\/wp\/v2\/types\/post"}],"author":[{"embeddable":true,"href":"https:\/\/www.nationalturk.com\/tr\/wp-json\/wp\/v2\/users\/3"}],"replies":[{"embeddable":true,"href":"https:\/\/www.nationalturk.com\/tr\/wp-json\/wp\/v2\/comments?post=61188"}],"version-history":[{"count":0,"href":"https:\/\/www.nationalturk.com\/tr\/wp-json\/wp\/v2\/posts\/61188\/revisions"}],"wp:featuredmedia":[{"embeddable":true,"href":"https:\/\/www.nationalturk.com\/tr\/wp-json\/wp\/v2\/media\/57625"}],"wp:attachment":[{"href":"https:\/\/www.nationalturk.com\/tr\/wp-json\/wp\/v2\/media?parent=61188"}],"wp:term":[{"taxonomy":"category","embeddable":true,"href":"https:\/\/www.nationalturk.com\/tr\/wp-json\/wp\/v2\/categories?post=61188"},{"taxonomy":"post_tag","embeddable":true,"href":"https:\/\/www.nationalturk.com\/tr\/wp-json\/wp\/v2\/tags?post=61188"}],"curies":[{"name":"wp","href":"https:\/\/api.w.org\/{rel}","templated":true}]}}