{"id":61352,"date":"2011-02-25T19:19:48","date_gmt":"2011-02-25T17:19:48","guid":{"rendered":"http:\/\/www.nationalturk.com\/?p=61352"},"modified":"2011-02-25T19:27:28","modified_gmt":"2011-02-25T17:27:28","slug":"amanda-knox-cinayeti-5496","status":"publish","type":"post","link":"https:\/\/www.nationalturk.com\/tr\/amanda-knox-cinayeti-5496\/","title":{"rendered":"Amanda Knox cinayeti film oldu"},"content":{"rendered":"<h1><a href=\"http:\/\/www.nationalturk.com\/tr\/wp-content\/uploads\/2011\/02\/amanda-knox-cinayeti.jpg\"><img loading=\"lazy\" decoding=\"async\" class=\"alignleft size-full wp-image-61356\" title=\"Amanda Knox cinayeti film oldu\" src=\"http:\/\/www.nationalturk.com\/tr\/wp-content\/uploads\/2011\/02\/amanda-knox-cinayeti.jpg\" alt=\"\" width=\"136\" height=\"228\"><\/a>Amanda Knox cinayeti film oluyor, Meredith Kercher &#8216;\u0131n ailesi tepkili<\/h1>\n<p>Amerika, \u0130ngiltere ve \u0130talya ba\u015fta olmak \u00fczere t\u00fcm d\u00fcnyada b\u00fcy\u00fck yank\u0131 bulan Amanda Knox isimli gen\u00e7 k\u0131z\u0131n 26 y\u0131l hapis cezas\u0131na \u00e7arpt\u0131r\u0131lmas\u0131yla sonu\u00e7lanan olay film oldu.<\/p>\n<p>D\u00fcnya bas\u0131n\u0131nda b\u00fcy\u00fck yank\u0131 bulan olay\u0131 NationalT\u00fcrk de\u00a0 g\u00fcndeme ta\u015f\u0131yarak,\u00a0 olaya geni\u015f yer vermi\u015fti.<\/p>\n<p>Bebek y\u00fczl\u00fc katil olarak lanse edilen Amanda Knox &#8216;un davas\u0131 2 y\u0131l s\u00fcrm\u00fc\u015f ve\u00a0 haftalarca da g\u00fcndemde kalm\u0131\u015ft\u0131.<\/p>\n<h3>\u201cAmanda Knox: Murder on Trial in Italy\u201d filmi vizyonda<\/h3>\n<p>\u00d6\u011frenci de\u011fi\u015fim program\u0131yla Amerika &#8216;dan \u0130talya &#8216;ya giden ve oda arkada\u015f\u0131 \u0130ngiliz Meredith Kercher \u2018i \u00f6ld\u00fcren Amanda Knox &#8216;u anlatan film vizyona girdi.<\/p>\n<p>Erkek arkada\u015f\u0131 ile birlikte Meredith Kercher \u2018i grup sekse zorlay\u0131p olumlu yan\u0131t alamay\u0131nca da  Kercher \u2018i \u00f6ld\u00fcrmekten h\u00fck\u00fcm giyen Amanda Knox &#8216;un anlat\u0131ld\u0131\u011f\u0131 filmde Knox &#8216;u Hayden Panettiere oynad\u0131.<\/p>\n<h3>Meredith Kercher &#8216;\u0131n ailesi tepkili<\/h3>\n<figure id=\"attachment_61360\" aria-describedby=\"caption-attachment-61360\" style=\"width: 261px\" class=\"wp-caption alignleft\"><a href=\"http:\/\/www.nationalturk.com\/tr\/wp-content\/uploads\/2011\/02\/hayden-panettiere.jpg\"><img loading=\"lazy\" decoding=\"async\" class=\"size-medium wp-image-61360\" title=\"Amanda Knox: Murder on Trial in Italy filminden bir kare\" src=\"http:\/\/www.nationalturk.com\/tr\/wp-content\/uploads\/2011\/02\/hayden-panettiere-261x220.jpg\" alt=\"\" width=\"261\" height=\"220\" srcset=\"https:\/\/www.nationalturk.com\/tr\/wp-content\/uploads\/2011\/02\/hayden-panettiere-261x220.jpg 261w, https:\/\/www.nationalturk.com\/tr\/wp-content\/uploads\/2011\/02\/hayden-panettiere-474x400.jpg 474w, https:\/\/www.nationalturk.com\/tr\/wp-content\/uploads\/2011\/02\/hayden-panettiere.jpg 490w\" sizes=\"auto, (max-width: 261px) 100vw, 261px\" \/><\/a><figcaption id=\"caption-attachment-61360\" class=\"wp-caption-text\">Amanda Knox: Murder on Trial in Italy filminden bir kare<\/figcaption><\/figure>\n<p>Cinayete kurban giden Meredith Kercher &#8216;\u0131n ailesi Amanda Knox cinayetinin anlat\u0131ld\u0131\u011f\u0131 filme tepki g\u00f6steriyor.<\/p>\n<p>21 ya\u015f\u0131nda \u00f6ld\u00fcr\u00fclen  Meredith Kercher &#8216;\u0131n  babas\u0131 John, k\u0131z\u0131n\u0131n \u00f6ld\u00fcr\u00fclme sahnesinin \u201ctek kelimeyle korkun\u00e7\u201d oldu\u011funu s\u00f6yledi.<\/p>\n<p>\u201cAmanda Knox: Murder on Trial in Italy\u201d  adl\u0131 film de Amanda Knox &#8216;u  canlad\u0131ran 21 ya\u015f\u0131ndaki Hayden Panettiere filmden \u00f6vg\u00fc ile bahsederken, gazetecilerin,  &#8220;Siz arkada\u015f\u0131n\u0131z\u0131 \u00f6ld\u00fcr\u00fcm\u00fcyd\u00fcn\u00fcz?&#8221; sorusu \u00fczerine biraz \u015fa\u015fk\u0131nl\u0131k  ya\u015fasa da &#8220;asla&#8221; cevab\u0131n\u0131 verdi.<\/p>\n<!-- Error, Advert is not available at this time due to schedule\/geolocation restrictions! -->\n<!-- Error, Advert is not available at this time due to schedule\/geolocation restrictions! -->\n","protected":false},"excerpt":{"rendered":"<p>Amanda Knox cinayeti film oldu. Amerika, \u0130ngiltere ve \u0130talya ba\u015fta olmak \u00fczere t\u00fcm d\u00fcnyada b\u00fcy\u00fck yank\u0131 bulan Amanda Knox isimli gen\u00e7 k\u0131z\u0131n 26 y\u0131l hapis cezas\u0131na \u00e7arpt\u0131r\u0131lmas\u0131yla sonu\u00e7lanan olay film oldu.<\/p>\n","protected":false},"author":3,"featured_media":61357,"comment_status":"open","ping_status":"open","sticky":false,"template":"","format":"standard","meta":{"_acf_changed":false,"footnotes":""},"categories":[6768,6770,6665,6155,5005,772,5460],"tags":[10667,10675,63469,63470,10668,63471,63472,63473,63474],"class_list":["post-61352","post","type-post","status-publish","format-standard","has-post-thumbnail","hentry","category-amerika","category-avrupa","category-dunya","category-gundem","category-manset","category-sadece-nationalturk-de","category-sakin-kacirmayin","tag-amanda-knox","tag-amanda-knox-cinayeti","tag-amanda-knox-cinayeti-film","tag-amanda-knox-meredith-kercher","tag-meredith-kercher","tag-meredith-kercher-cinayeti","tag-meredith-kercher-olumu","tag-murder-on-trial-in-italy","tag-murder-on-trial-in-italy-filmi"],"acf":[],"_links":{"self":[{"href":"https:\/\/www.nationalturk.com\/tr\/wp-json\/wp\/v2\/posts\/61352","targetHints":{"allow":["GET"]}}],"collection":[{"href":"https:\/\/www.nationalturk.com\/tr\/wp-json\/wp\/v2\/posts"}],"about":[{"href":"https:\/\/www.nationalturk.com\/tr\/wp-json\/wp\/v2\/types\/post"}],"author":[{"embeddable":true,"href":"https:\/\/www.nationalturk.com\/tr\/wp-json\/wp\/v2\/users\/3"}],"replies":[{"embeddable":true,"href":"https:\/\/www.nationalturk.com\/tr\/wp-json\/wp\/v2\/comments?post=61352"}],"version-history":[{"count":0,"href":"https:\/\/www.nationalturk.com\/tr\/wp-json\/wp\/v2\/posts\/61352\/revisions"}],"wp:featuredmedia":[{"embeddable":true,"href":"https:\/\/www.nationalturk.com\/tr\/wp-json\/wp\/v2\/media\/61357"}],"wp:attachment":[{"href":"https:\/\/www.nationalturk.com\/tr\/wp-json\/wp\/v2\/media?parent=61352"}],"wp:term":[{"taxonomy":"category","embeddable":true,"href":"https:\/\/www.nationalturk.com\/tr\/wp-json\/wp\/v2\/categories?post=61352"},{"taxonomy":"post_tag","embeddable":true,"href":"https:\/\/www.nationalturk.com\/tr\/wp-json\/wp\/v2\/tags?post=61352"}],"curies":[{"name":"wp","href":"https:\/\/api.w.org\/{rel}","templated":true}]}}