{"id":61376,"date":"2011-02-26T10:51:02","date_gmt":"2011-02-26T08:51:02","guid":{"rendered":"http:\/\/www.nationalturk.com\/?p=61376"},"modified":"2011-02-26T10:51:02","modified_gmt":"2011-02-26T08:51:02","slug":"libya-amerikalilar-turkiye-4813","status":"publish","type":"post","link":"https:\/\/www.nationalturk.com\/tr\/libya-amerikalilar-turkiye-4813\/","title":{"rendered":"Libya\u2019daki Amerikal\u0131lar T\u00fcrkiye &#8216;ye getirildi"},"content":{"rendered":"<h2><a href=\"http:\/\/www.nationalturk.com\/tr\/wp-content\/uploads\/2011\/02\/libya-amerikalilar-turkiye.jpg\"><img loading=\"lazy\" decoding=\"async\" class=\"alignleft size-medium wp-image-61377\" title=\"Libya\u2019daki Amerikal\u0131lar T\u00fcrkiye &#039;ye getirildi\" src=\"http:\/\/www.nationalturk.com\/tr\/wp-content\/uploads\/2011\/02\/libya-amerikalilar-turkiye-270x220.jpg\" alt=\"\" width=\"270\" height=\"220\" srcset=\"https:\/\/www.nationalturk.com\/tr\/wp-content\/uploads\/2011\/02\/libya-amerikalilar-turkiye-270x220.jpg 270w, https:\/\/www.nationalturk.com\/tr\/wp-content\/uploads\/2011\/02\/libya-amerikalilar-turkiye-492x400.jpg 492w, https:\/\/www.nationalturk.com\/tr\/wp-content\/uploads\/2011\/02\/libya-amerikalilar-turkiye.jpg 500w\" sizes=\"auto, (max-width: 270px) 100vw, 270px\" \/><\/a>Libya\u2019daki Amerikal\u0131lar T\u00fcrkiye &#8216;ye getirildi<\/h2>\n<p>Libya\u2019da \u00e7\u0131kan olaylar\u0131n ard\u0131ndan bu \u00fclkede bulunan baz\u0131 Amerikan vatanda\u015flar\u0131 ile ABD\u2019li konsolosluk g\u00f6revlileri T\u00fcrkiye\u2019ye geldi.<\/p>\n<p>ABD, Libya\u2019daki vatanda\u015flar\u0131 ile \u00fclkedeki konsolosluk g\u00f6revlilerini ald\u0131rmak i\u00e7in \u00f6zel bir u\u00e7ak kiralad\u0131. U\u00e7ak, d\u00fcn saat 23.45 s\u0131ralar\u0131nda i\u00e7inde \u00e7o\u011fu konsolosluk g\u00f6revlisi olmak \u00fczere 45 ki\u015fiyi T\u00fcrkiye\u2019ye getirdi.<\/p>\n<p>Atat\u00fcrk Havaliman\u0131\u2019nda bir masa kuran ABD\u2019li yetkililer, vatanda\u015flar\u0131na bisk\u00fcvi ve su ikram\u0131nda bulunurken konaklama ve di\u011fer ihtiya\u00e7lar\u0131 i\u00e7in bir dizi \u00e7al\u0131\u015fma ba\u015flatt\u0131.<\/p>\n<p>\u0130stanbul\u2019da olduklar\u0131 i\u00e7in \u00e7ok mutlu oldu\u011funu belirten ABD Trablus B\u00fcy\u00fckel\u00e7isi M\u00fcste\u015far\u0131 Joan polachik, Libya\u2019da b\u00fcy\u00fck hayati tehlike atlatt\u0131klar\u0131n\u0131 kaydetti.<\/p>\n<span style=\"font-weight: bold; color: #f00;\">Error, group does not exist! Check your syntax! (ID: 87)<\/span>\n","protected":false},"excerpt":{"rendered":"<p>Libya\u2019daki Amerikal\u0131lar T\u00fcrkiye &#8216;ye getirildi. Libya\u2019da \u00e7\u0131kan olaylar\u0131n ard\u0131ndan bu \u00fclkede bulunan baz\u0131 Amerikan vatanda\u015flar\u0131 ile ABD\u2019li konsolosluk g\u00f6revlileri T\u00fcrkiye\u2019ye geldi.<\/p>\n","protected":false},"author":3,"featured_media":61377,"comment_status":"open","ping_status":"open","sticky":false,"template":"","format":"standard","meta":{"_acf_changed":false,"footnotes":""},"categories":[6767,6768,6665,6155,5005],"tags":[63480,681,63478,63479],"class_list":["post-61376","post","type-post","status-publish","format-standard","has-post-thumbnail","hentry","category-afrika","category-amerika","category-dunya","category-gundem","category-manset","tag-amerikalilar-turkiye","tag-ataturk-havalimani","tag-libya-amerikali","tag-libya-amerikalilar-turkiye"],"acf":[],"_links":{"self":[{"href":"https:\/\/www.nationalturk.com\/tr\/wp-json\/wp\/v2\/posts\/61376","targetHints":{"allow":["GET"]}}],"collection":[{"href":"https:\/\/www.nationalturk.com\/tr\/wp-json\/wp\/v2\/posts"}],"about":[{"href":"https:\/\/www.nationalturk.com\/tr\/wp-json\/wp\/v2\/types\/post"}],"author":[{"embeddable":true,"href":"https:\/\/www.nationalturk.com\/tr\/wp-json\/wp\/v2\/users\/3"}],"replies":[{"embeddable":true,"href":"https:\/\/www.nationalturk.com\/tr\/wp-json\/wp\/v2\/comments?post=61376"}],"version-history":[{"count":0,"href":"https:\/\/www.nationalturk.com\/tr\/wp-json\/wp\/v2\/posts\/61376\/revisions"}],"wp:featuredmedia":[{"embeddable":true,"href":"https:\/\/www.nationalturk.com\/tr\/wp-json\/wp\/v2\/media\/61377"}],"wp:attachment":[{"href":"https:\/\/www.nationalturk.com\/tr\/wp-json\/wp\/v2\/media?parent=61376"}],"wp:term":[{"taxonomy":"category","embeddable":true,"href":"https:\/\/www.nationalturk.com\/tr\/wp-json\/wp\/v2\/categories?post=61376"},{"taxonomy":"post_tag","embeddable":true,"href":"https:\/\/www.nationalturk.com\/tr\/wp-json\/wp\/v2\/tags?post=61376"}],"curies":[{"name":"wp","href":"https:\/\/api.w.org\/{rel}","templated":true}]}}