{"id":61382,"date":"2011-02-26T11:29:31","date_gmt":"2011-02-26T09:29:31","guid":{"rendered":"http:\/\/www.nationalturk.com\/?p=61382"},"modified":"2011-02-26T11:29:31","modified_gmt":"2011-02-26T09:29:31","slug":"abdullah-gul-sarkozy-54816","status":"publish","type":"post","link":"https:\/\/www.nationalturk.com\/tr\/abdullah-gul-sarkozy-54816\/","title":{"rendered":"Abdullah G\u00fcl Sarkozy &#8216;ye rest \u00e7ekti"},"content":{"rendered":"<h1><a href=\"http:\/\/www.nationalturk.com\/tr\/wp-content\/uploads\/2011\/02\/abdullah-gul-sarkozy.jpg\"><img loading=\"lazy\" decoding=\"async\" class=\"alignleft size-medium wp-image-61388\" title=\"Abdullah G\u00fcl Sarkozy &#039;ye rest \u00e7ekti\" src=\"http:\/\/www.nationalturk.com\/tr\/wp-content\/uploads\/2011\/02\/abdullah-gul-sarkozy-272x220.jpg\" alt=\"\" width=\"272\" height=\"220\" srcset=\"https:\/\/www.nationalturk.com\/tr\/wp-content\/uploads\/2011\/02\/abdullah-gul-sarkozy-272x220.jpg 272w, https:\/\/www.nationalturk.com\/tr\/wp-content\/uploads\/2011\/02\/abdullah-gul-sarkozy-496x400.jpg 496w, https:\/\/www.nationalturk.com\/tr\/wp-content\/uploads\/2011\/02\/abdullah-gul-sarkozy.jpg 500w\" sizes=\"auto, (max-width: 272px) 100vw, 272px\" \/><\/a>6 saatlik \u00e7al\u0131\u015fma ziyareti i\u00e7in T\u00fcrkiye &#8216;ye gelen Fransa Cumhurba\u015fkan\u0131 Nicolas Sarkozy Abdullah G\u00fcl ile g\u00f6r\u00fc\u015fme yapmak i\u00e7in \u00c7ankaya K\u00f6\u015fk\u00fc\u2019ne \u00e7\u0131kt\u0131.<\/h1>\n<p>Nicolas Sarkozy &#8216;yi kar\u015f\u0131lamaya bir bakan\u0131n bile gitmemesi dikkatlerden ka\u00e7mazken, Sarkozy\u2019i Esenbo\u011fa Havaliman\u0131\u2019nda D\u0131\u015fi\u015fleri Bakanl\u0131\u011f\u0131 M\u00fcste\u015far\u0131 Feridun Sinirlio\u011flu, T\u00fcrkiye\u2019nin Paris B\u00fcy\u00fckel\u00e7isi Tahsin Burcuo\u011flu, Fransa\u2019n\u0131n Ankara B\u00fcy\u00fckel\u00e7isi Bernard Emie, Ankara B\u00fcy\u00fck\u015fehir Belediye Ba\u015fkan\u0131 Melih G\u00f6k\u00e7ek kar\u015f\u0131lad\u0131. Uzmanlar, Cumhurba\u015fkan\u0131 Abdullah G\u00fcl\u2019\u00fcn T\u00fcrk mevsimi etkinliklerinin a\u00e7\u0131l\u0131\u015f\u0131 nedeniyle Paris\u2019e yapt\u0131\u011f\u0131 ziyaret s\u0131ras\u0131nda da kendisine \u201casgari kar\u015f\u0131lama\u201d d\u00fczenlendi\u011fini hat\u0131rlatt\u0131.<\/p>\n<h2>Sarkozy, G\u201320 \u00dclkeleri D\u00f6nem Ba\u015fkan\u0131 olarak T\u00fcrkiye &#8216;de<\/h2>\n<p>Fransa Cumhurba\u015fkan\u0131 s\u0131fat\u0131yla de\u011fil, G\u201320 \u00dclkeleri D\u00f6nem Ba\u015fkan\u0131 olarak Ankara\u2019ya gelen Nicolas Sarkozy &#8216;nin Ankara ziyareti s\u0131k\u0131ntl\u0131 ge\u00e7ti.<\/p>\n<p>Nicolas Sarkozy ile 35 dakika g\u00f6r\u00fc\u015fme yapan Abdullah G\u00fcl,Sarkozy\u2019nin son a\u00e7\u0131klamalar\u0131n\u0131 hat\u0131rlatarak, \u201cT\u00fcrkiye size ra\u011fmen AB \u00fcyeli\u011fi yolunda y\u00fcr\u00fcmekte kararl\u0131d\u0131r. Bu hedefe er ge\u00e7 ula\u015fabilece\u011fimize inan\u0131yoruz\u201d dedi.<\/p>\n<p>Sarkozy &#8216;nin ise \u015f\u00f6yle kar\u015f\u0131l\u0131k verdi\u011fi \u00f6\u011frenildi: \u201cBen a\u00e7\u0131k\u00e7a g\u00f6r\u00fc\u015f\u00fcm\u00fc s\u00f6yl\u00fcyorum diye beni sorumlu g\u00f6r\u00fcyorsunuz. Ama sizi AB\u2019de ba\u015fkalar\u0131 da istemiyor. Onlar y\u00fcz\u00fcn\u00fcze s\u00f6ylemiyor. Ben s\u00f6yl\u00fcyorum. Benim bu tutumun sizin a\u00e7\u0131s\u0131n\u0131zdan daha da\u011ferlidir diye d\u00fc\u015f\u00fcn\u00fcyorum. Ayr\u0131ca ben m\u00fczakere s\u00fcrecinin devam\u0131ndan yanay\u0131m. Bizim d\u00f6nem ba\u015fkanl\u0131\u011f\u0131m\u0131z s\u0131ras\u0131nda iki fas\u0131l a\u00e7\u0131ld\u0131&#8230;\u201d<\/p>\n<h3>T\u00fcrkiye ile oyun oynamay\u0131n<\/h3>\n<p>Abdullah G\u00fcl Sarkozy &#8216;nin s\u00f6ylediklerine kar\u015f\u0131l\u0131k olarak ise s\u00f6zlerini \u015f\u00f6yle s\u00fcrd\u00fcrd\u00fc; \u201cT\u00fcrkiye b\u00fcy\u00fck bir devlettir. T\u00fcrk kamuoyu AB konusunda \u2018bize kar\u015f\u0131 oyun oynan\u0131yor\u2019 diye d\u00fc\u015f\u00fcn\u00fcyor. A\u00e7\u0131k\u00e7as\u0131 ben de \u00f6yle d\u00fc\u015f\u00fcn\u00fcyorum. Tam \u00fcyelik m\u00fczekerelerinin ba\u015flamas\u0131 i\u00e7in AB\u2019de oybirli\u011fi ile karar al\u0131nd\u0131, imzalar at\u0131ld\u0131. Bu imzalar bo\u015funa m\u0131 at\u0131ld\u0131? M\u00fczakere s\u00fcreci devam ederken ortaya \u00e7\u0131kan T\u00fcrkiye\u2019ye kar\u015f\u0131 tutum, T\u00fcrk kamuoyunda b\u00fcy\u00fck bir hayal k\u0131r\u0131kl\u0131\u011f\u0131 ve tepkiye yol a\u00e7t\u0131. T\u00fcrkiye ile oyun oynanmamas\u0131 laz\u0131m&#8230;\u201d<\/p>\n<span style=\"font-weight: bold; color: #f00;\">Error, group does not exist! Check your syntax! (ID: 72)<\/span>\n<span style=\"font-weight: bold; color: #f00;\">Error, group does not exist! Check your syntax! (ID: 71)<\/span>\n","protected":false},"excerpt":{"rendered":"<p>Abdullah G\u00fcl Sarkozy &#8216;ye rest \u00e7ekti. 6 saatlik \u00e7al\u0131\u015fma ziyareti i\u00e7in T\u00fcrkiye &#8216;ye gelen Fransa Cumhurba\u015fkan\u0131 Nicolas Sarkozy Abdullah G\u00fcl ile g\u00f6r\u00fc\u015fme yapmak i\u00e7in \u00c7ankaya K\u00f6\u015fk\u00fc\u2019ne \u00e7\u0131kt\u0131.<\/p>\n","protected":false},"author":3,"featured_media":61388,"comment_status":"open","ping_status":"open","sticky":false,"template":"","format":"standard","meta":{"_acf_changed":false,"footnotes":""},"categories":[6770,6665,6155,5005,6202],"tags":[54174,4343,7546,63387,978,63494],"class_list":["post-61382","post","type-post","status-publish","format-standard","has-post-thumbnail","hentry","category-avrupa","category-dunya","category-gundem","category-manset","category-politika","tag-ab-uyeligi","tag-abdullah-gul","tag-nicolas-sarkozy","tag-nicolas-sarkozy-ankara","tag-sarkozy","tag-turkiye-ab-uyeligi"],"acf":[],"_links":{"self":[{"href":"https:\/\/www.nationalturk.com\/tr\/wp-json\/wp\/v2\/posts\/61382","targetHints":{"allow":["GET"]}}],"collection":[{"href":"https:\/\/www.nationalturk.com\/tr\/wp-json\/wp\/v2\/posts"}],"about":[{"href":"https:\/\/www.nationalturk.com\/tr\/wp-json\/wp\/v2\/types\/post"}],"author":[{"embeddable":true,"href":"https:\/\/www.nationalturk.com\/tr\/wp-json\/wp\/v2\/users\/3"}],"replies":[{"embeddable":true,"href":"https:\/\/www.nationalturk.com\/tr\/wp-json\/wp\/v2\/comments?post=61382"}],"version-history":[{"count":0,"href":"https:\/\/www.nationalturk.com\/tr\/wp-json\/wp\/v2\/posts\/61382\/revisions"}],"wp:featuredmedia":[{"embeddable":true,"href":"https:\/\/www.nationalturk.com\/tr\/wp-json\/wp\/v2\/media\/61388"}],"wp:attachment":[{"href":"https:\/\/www.nationalturk.com\/tr\/wp-json\/wp\/v2\/media?parent=61382"}],"wp:term":[{"taxonomy":"category","embeddable":true,"href":"https:\/\/www.nationalturk.com\/tr\/wp-json\/wp\/v2\/categories?post=61382"},{"taxonomy":"post_tag","embeddable":true,"href":"https:\/\/www.nationalturk.com\/tr\/wp-json\/wp\/v2\/tags?post=61382"}],"curies":[{"name":"wp","href":"https:\/\/api.w.org\/{rel}","templated":true}]}}