{"id":62197,"date":"2011-03-08T09:22:20","date_gmt":"2011-03-08T07:22:20","guid":{"rendered":"http:\/\/www.nationalturk.com\/?p=62197"},"modified":"2011-03-08T09:22:20","modified_gmt":"2011-03-08T07:22:20","slug":"hava-durumu-istanbul-hava-durumu-kar-yagisi-62197","status":"publish","type":"post","link":"https:\/\/www.nationalturk.com\/tr\/hava-durumu-istanbul-hava-durumu-kar-yagisi-62197\/","title":{"rendered":"Hava Durumu: \u0130stanbul kar ya\u011f\u0131\u015f\u0131 ile uyand\u0131"},"content":{"rendered":"<h1><img loading=\"lazy\" decoding=\"async\" class=\"alignleft size-medium wp-image-62198\" title=\"\u0130stanbul&#039;da kar y\u00fcz\u00fcn\u00fc g\u00f6sterdi\" src=\"http:\/\/www.nationalturk.com\/tr\/wp-content\/uploads\/2011\/03\/camlica__kar-280x186.jpg\" alt=\"\" width=\"280\" height=\"186\" srcset=\"https:\/\/www.nationalturk.com\/tr\/wp-content\/uploads\/2011\/03\/camlica__kar-280x186.jpg 280w, https:\/\/www.nationalturk.com\/tr\/wp-content\/uploads\/2011\/03\/camlica__kar.jpg 500w\" sizes=\"auto, (max-width: 280px) 100vw, 280px\" \/>\u0130stanbul&#8217;da beklenen kar ya\u011f\u0131\u015f\u0131 gece ge\u00e7 saatlerde ve sabah saatlerinde etkili olmaya ba\u015flad\u0131. \u015eiddetli poyraz nedeniyle baz\u0131 \u0130DO seferleri iptal edildi. \u0130stanbul Hava Durumu&#8230;<\/h1>\n<p>Gece saatlerinde hava s\u0131cakl\u0131\u011f\u0131n\u0131n birka\u00e7 derece daha d\u00fc\u015fmesinin ard\u0131ndan \u0130stanbul&#8217;da beklenen kar ya\u011f\u0131\u015f\u0131 \u00f6nce kentin y\u00fcksek kesimlerinde sonra da \u015fehir genelinde etkili olmaya ba\u015flad\u0131. Avrupa yakas\u0131nda \u00f6zellikle Ba\u015fak\u015fehir, \u0130kitelli, Beylikd\u00fcz\u00fc, Sultan\u00e7iftli\u011fi gibi y\u00fcksek yerlerde etkili olan kar ya\u011f\u0131\u015f\u0131 Anadolu yakas\u0131nda da Kavac\u0131k, Sancaktepe, Sultanbeyli, Pendik ve \u00c7ekmek\u00f6y&#8217;de yo\u011funla\u015ft\u0131. \u015eiddetli poyraz\u0131n etkisiyle tipi \u015feklinde ya\u011fan kar nedeniyle vatanda\u015flar zor anlar ya\u015farken hen\u00fcz \u0130stanbul&#8217;da kapal\u0131 yol bulunmuyor.<\/p>\n<p>Kuvvetli kar ya\u011f\u0131\u015f\u0131 nedeniyle Afet Koordinasyon Merkezi (AKOM) \u00f6nlemlerini art\u0131rd\u0131. Hava s\u0131cakl\u0131\u011f\u0131n\u0131n 2 derece oldu\u011fu \u0130stanbul&#8217;da ak\u015fam saatlerinden itibaren s\u0131cakl\u0131k s\u0131f\u0131r\u0131n alt\u0131na inecek. Gece saatlerinde don olabilir. \u0130stanbul&#8217;da kar ya\u011f\u0131\u015f\u0131 \u00c7ar\u015famba g\u00fcn\u00fc de etkili olacak. \u0130stanbul Valili\u011fi, okullar\u0131n tatil edilip edilmeyece\u011fi konusunda \u015fimdilik bir a\u00e7\u0131klama yapmad\u0131.<\/p>\n<p>\u00d6te yandan yo\u011fun kar ya\u011f\u0131\u015f\u0131 ve poyraz nedeniyle\u00a0\u0130stanbul Deniz Otob\u00fcsleri A.\u015e&#8217;nin (\u0130DO) baz\u0131 d\u0131\u015f hat seferleri iptal edildi. Saat 06.35&#8217;deki Bostanc\u0131-Kartal\/Yalova deniz otob\u00fcs\u00fc ile 07.00&#8217;deki Yenikap\u0131-Band\u0131rma h\u0131zl\u0131 feribot seferi iptal edilirken, 07.30&#8217;daki Yalova-Yenikap\u0131, Band\u0131rma\/Yenikap\u0131-Bostanc\u0131, 07.45&#8217;deki Yalova\/Kartal ve 08.00&#8217;deki Armutlu-Armutluk\/Yenikap\u0131-Bostanc\u0131 deniz otob\u00fcs seferleri de poyraz nedeniyle yap\u0131lmayacak. \u0130DO&#8217;nun i\u00e7 hat seferlerinde \u015fimdilik aksama olmad\u0131\u011f\u0131 bildirildi.<\/p>\n<!-- Error, Advert is not available at this time due to schedule\/geolocation restrictions! -->\n<!-- Error, Advert is not available at this time due to schedule\/geolocation restrictions! -->\n","protected":false},"excerpt":{"rendered":"<p>\u0130stanbul&#8217;da beklenen kar ya\u011f\u0131\u015f\u0131 gece ge\u00e7 saatlerde ve sabah saatlerinde etkili olmaya ba\u015flad\u0131. \u015eiddetli poyraz nedeniyle baz\u0131 \u0130DO seferleri iptal edildi. \u0130stanbul Hava Durumu&#8230;<\/p>\n","protected":false},"author":4,"featured_media":62198,"comment_status":"open","ping_status":"open","sticky":false,"template":"","format":"standard","meta":{"_acf_changed":false,"footnotes":""},"categories":[5005,6805],"tags":[13991,14525,14414,14415],"class_list":["post-62197","post","type-post","status-publish","format-standard","has-post-thumbnail","hentry","category-manset","category-turkiye","tag-hava-durumu","tag-istanbul-hava-durumu","tag-istanbul-kar","tag-istanbul-kar-yagisi"],"acf":[],"_links":{"self":[{"href":"https:\/\/www.nationalturk.com\/tr\/wp-json\/wp\/v2\/posts\/62197","targetHints":{"allow":["GET"]}}],"collection":[{"href":"https:\/\/www.nationalturk.com\/tr\/wp-json\/wp\/v2\/posts"}],"about":[{"href":"https:\/\/www.nationalturk.com\/tr\/wp-json\/wp\/v2\/types\/post"}],"author":[{"embeddable":true,"href":"https:\/\/www.nationalturk.com\/tr\/wp-json\/wp\/v2\/users\/4"}],"replies":[{"embeddable":true,"href":"https:\/\/www.nationalturk.com\/tr\/wp-json\/wp\/v2\/comments?post=62197"}],"version-history":[{"count":0,"href":"https:\/\/www.nationalturk.com\/tr\/wp-json\/wp\/v2\/posts\/62197\/revisions"}],"wp:featuredmedia":[{"embeddable":true,"href":"https:\/\/www.nationalturk.com\/tr\/wp-json\/wp\/v2\/media\/62198"}],"wp:attachment":[{"href":"https:\/\/www.nationalturk.com\/tr\/wp-json\/wp\/v2\/media?parent=62197"}],"wp:term":[{"taxonomy":"category","embeddable":true,"href":"https:\/\/www.nationalturk.com\/tr\/wp-json\/wp\/v2\/categories?post=62197"},{"taxonomy":"post_tag","embeddable":true,"href":"https:\/\/www.nationalturk.com\/tr\/wp-json\/wp\/v2\/tags?post=62197"}],"curies":[{"name":"wp","href":"https:\/\/api.w.org\/{rel}","templated":true}]}}