{"id":62434,"date":"2011-03-10T14:14:05","date_gmt":"2011-03-10T12:14:05","guid":{"rendered":"http:\/\/www.nationalturk.com\/?p=62434"},"modified":"2011-03-10T14:14:05","modified_gmt":"2011-03-10T12:14:05","slug":"basbakan-erdogan-almanya-dusseldorf-konusmasi-62434","status":"publish","type":"post","link":"https:\/\/www.nationalturk.com\/tr\/basbakan-erdogan-almanya-dusseldorf-konusmasi-62434\/","title":{"rendered":"&#8220;Kad\u0131nlara sayg\u0131 g\u00f6sterilmeyen \u00fclkenin ba\u015fbakan\u0131ndan ders almay\u0131z&#8221;"},"content":{"rendered":"<h1><img loading=\"lazy\" decoding=\"async\" class=\"alignleft size-medium wp-image-62435\" title=\"Seehofer\" src=\"http:\/\/www.nationalturk.com\/tr\/wp-content\/uploads\/2011\/03\/seehofer-280x186.jpg\" alt=\"\" width=\"280\" height=\"186\" srcset=\"https:\/\/www.nationalturk.com\/tr\/wp-content\/uploads\/2011\/03\/seehofer-280x186.jpg 280w, https:\/\/www.nationalturk.com\/tr\/wp-content\/uploads\/2011\/03\/seehofer.jpg 480w\" sizes=\"auto, (max-width: 280px) 100vw, 280px\" \/>Ba\u015fbakan Recep Tayyip Erdo\u011fan&#8217;\u0131n bir s\u00fcre \u00f6nce Almanya&#8217;da yapt\u0131\u011f\u0131 konu\u015fmaya Alman siyasilerden a\u011f\u0131r ele\u015ftiriler gelmeye devam ediyor.<\/h1>\n<p>Almanya&#8217;da h\u00fck\u00fcmetin k\u00fc\u00e7\u00fck orta\u011f\u0131 olan\u00a0Hristiyan Sosyal Birlik Partis Genel Ba\u015fkan\u0131 Horst Seehofer, Ba\u015fbakan Erdo\u011fan&#8217;\u0131n, Almanya&#8217;daki T\u00fcrklerle ilgili konu\u015fmas\u0131na sert tepki g\u00f6sterdi. T\u00fcrkiye&#8217;yi kad\u0131n haklar\u0131na sayg\u0131 g\u00f6stermeyen, Hristiyanlar\u0131n hayat\u0131n\u0131 zorla\u015ft\u0131ran bir \u00fclke olarak niteleyen Seehofer &#8220;B\u00f6yle bir \u00fclkenin ba\u015fbakan\u0131ndan Almanya&#8217;daki dinsel az\u0131nl\u0131klara nas\u0131l davranaca\u011f\u0131m\u0131z konusunda ders almaya ihtiyac\u0131m\u0131z yok. Almanya&#8217;da ya\u015fayan herkes bu \u00fclkenin de\u011ferlerini kabul etmek ve Almanya \u00f6\u011frenmek zorunda. Bavyera&#8217;da bu konuda bir anayasa de\u011fi\u015fikli\u011fi i\u00e7in referandum ama\u00e7l\u0131yoruz&#8221; diye konu\u015ftu.<\/p>\n<p>Hat\u0131rlanaca\u011f\u0131 gibi Ba\u015fbakan Recep Tayyip Erdo\u011fan, D\u00fcsseldorf&#8217;taki konu\u015fmas\u0131nda gurbet\u00e7ilere y\u00f6nelik &#8220;Asimile olmay\u0131n, entegre olun. \u00c7ocuklar\u0131n\u0131za \u00f6nce T\u00fcrk\u00e7e&#8217;yi sonra Almanca&#8217;y\u0131 \u00f6\u011fretin&#8221; demi\u015fti.<\/p>\n<span style=\"font-weight: bold; color: #f00;\">Error, group does not exist! Check your syntax! (ID: 79)<\/span>\n<span style=\"font-weight: bold; color: #f00;\">Error, group does not exist! Check your syntax! (ID: 61)<\/span>\n","protected":false},"excerpt":{"rendered":"<p>Ba\u015fbakan Recep Tayyip Erdo\u011fan&#8217;\u0131n bir s\u00fcre \u00f6nce Almanya&#8217;da yapt\u0131\u011f\u0131 konu\u015fmaya Alman siyasilerden a\u011f\u0131r ele\u015ftiriler gelmeye devam ediyor.<\/p>\n","protected":false},"author":4,"featured_media":62435,"comment_status":"open","ping_status":"open","sticky":false,"template":"","format":"standard","meta":{"_acf_changed":false,"footnotes":""},"categories":[6770,6665,6155,5005,6202],"tags":[2174,3888,64446,64448,787],"class_list":["post-62434","post","type-post","status-publish","format-standard","has-post-thumbnail","hentry","category-avrupa","category-dunya","category-gundem","category-manset","category-politika","tag-almanya","tag-basbakan-erdogan","tag-dusseldorf","tag-horst-seehofer","tag-recep-tayyip-erdogan"],"acf":[],"_links":{"self":[{"href":"https:\/\/www.nationalturk.com\/tr\/wp-json\/wp\/v2\/posts\/62434","targetHints":{"allow":["GET"]}}],"collection":[{"href":"https:\/\/www.nationalturk.com\/tr\/wp-json\/wp\/v2\/posts"}],"about":[{"href":"https:\/\/www.nationalturk.com\/tr\/wp-json\/wp\/v2\/types\/post"}],"author":[{"embeddable":true,"href":"https:\/\/www.nationalturk.com\/tr\/wp-json\/wp\/v2\/users\/4"}],"replies":[{"embeddable":true,"href":"https:\/\/www.nationalturk.com\/tr\/wp-json\/wp\/v2\/comments?post=62434"}],"version-history":[{"count":0,"href":"https:\/\/www.nationalturk.com\/tr\/wp-json\/wp\/v2\/posts\/62434\/revisions"}],"wp:featuredmedia":[{"embeddable":true,"href":"https:\/\/www.nationalturk.com\/tr\/wp-json\/wp\/v2\/media\/62435"}],"wp:attachment":[{"href":"https:\/\/www.nationalturk.com\/tr\/wp-json\/wp\/v2\/media?parent=62434"}],"wp:term":[{"taxonomy":"category","embeddable":true,"href":"https:\/\/www.nationalturk.com\/tr\/wp-json\/wp\/v2\/categories?post=62434"},{"taxonomy":"post_tag","embeddable":true,"href":"https:\/\/www.nationalturk.com\/tr\/wp-json\/wp\/v2\/tags?post=62434"}],"curies":[{"name":"wp","href":"https:\/\/api.w.org\/{rel}","templated":true}]}}