{"id":62733,"date":"2011-03-15T09:27:33","date_gmt":"2011-03-15T07:27:33","guid":{"rendered":"http:\/\/www.nationalturk.com\/?p=62733"},"modified":"2022-09-10T17:09:17","modified_gmt":"2022-09-10T14:09:17","slug":"ibrahim-tatlises-vuruldu-dunya-basini-son-haberler-62733","status":"publish","type":"post","link":"https:\/\/www.nationalturk.com\/tr\/ibrahim-tatlises-vuruldu-dunya-basini-son-haberler-62733\/","title":{"rendered":"\u0130brahim Tatl\u0131ses vuruldu, d\u00fcnya bas\u0131n\u0131 b\u00f6yle duyurdu \/ Son Haberler"},"content":{"rendered":"<h1><img loading=\"lazy\" decoding=\"async\" class=\"alignleft size-medium wp-image-62734\" title=\"\u0130brahim Tatl\u0131ses\" src=\"http:\/\/www.nationalturk.com\/tr\/wp-content\/uploads\/2011\/03\/ibrahimtatlises_beyaztv-280x210.jpg\" alt=\"\" width=\"280\" height=\"210\" srcset=\"https:\/\/www.nationalturk.com\/tr\/wp-content\/uploads\/2011\/03\/ibrahimtatlises_beyaztv-280x210.jpg 280w, https:\/\/www.nationalturk.com\/tr\/wp-content\/uploads\/2011\/03\/ibrahimtatlises_beyaztv.jpg 500w\" sizes=\"auto, (max-width: 280px) 100vw, 280px\" \/>T\u00fcrkiye g\u00fcndemine bomba gibi d\u00fc\u015fen \u0130brahim Tatl\u0131ses vuruldu haberi d\u00fcnya bas\u0131n\u0131nda da geni\u015f yer buldu. \u0130brahim Tatl\u0131ses vuruldu, son durumu, son dakika haberleri&#8230;<\/h1>\n<p>\u0130ngiliz haber ajans\u0131\u00a0Reuters &#8220;T\u00fcrk \u015fark\u0131c\u0131 Tatl\u0131ses vuruldu&#8221; ba\u015fl\u0131\u011f\u0131yla ge\u00e7ti\u011fi haberinde \u0130brahim Tatl\u0131ses&#8217;in kimli\u011fi belirsiz sald\u0131rganlar taraf\u0131ndan ba\u015f\u0131ndan vuruldu\u011funu belirterek &#8220;Turizm ve restoran i\u015fletmecili\u011fi de yapan \u00fcnl\u00fc sanat\u00e7\u0131, sald\u0131r\u0131dan \u00f6nce \u0130stanbul&#8217;un merkezindeki bir televizyon program\u0131ndan sahne alm\u0131\u015ft\u0131.\u00a0\u015eanl\u0131urfal\u0131 olan K\u00fcrt as\u0131ll\u0131 \u015fark\u0131c\u0131n\u0131n yo\u011fun bak\u0131mda oldu\u011fu bildirildi&#8221; ifadelerini kulland\u0131.<\/p>\n<p>Bir ba\u015fka uluslar aras\u0131 haber ajans\u0131 Associted Press ise \u0130brahim Tatl\u0131ses vuruldu haberini\u00a0&#8220;Pop\u00fcler T\u00fcrk halk m\u00fczi\u011fi \u015fark\u0131c\u0131s\u0131 fel\u00e7 kalabilir&#8221; ba\u015fl\u0131\u011f\u0131yla abonelerine ge\u00e7ti. AP&#8217;nin haberinde \u0130brahim Tatl\u0131ses&#8217;in sadece T\u00fcrkiye&#8217;de de\u011fil, Yunanistan ve Ortado\u011fu&#8217;da da pop\u00fcler oldu\u011funu belirterek &#8220;Maslak Ac\u0131badem Hastanesi doktorlar\u0131ndan \u00c7a\u011flar \u00c7uhadaro\u011flu, ba\u015f\u0131ndan vurulan Tatl\u0131ses&#8217;in k\u0131smi fel\u00e7 ge\u00e7irebilece\u011fini s\u00f6yledi. \u00a058 ya\u015f\u0131ndaki Tatl\u0131ses&#8217;in sald\u0131r\u0131da yaralanan asistan\u0131 Buket \u00c7ak\u0131c\u0131&#8217;n\u0131n boynundan ameliyat ge\u00e7irdi\u011fi ve sa\u011fl\u0131k durumunun iyi oldu\u011fu belirtildi.\u00a0Sald\u0131r\u0131n\u0131n nedeni bilinmiyor. \u00c7ok say\u0131da filmde oynayan Tatl\u0131ses, ayn\u0131 zamanda bir televizyon program\u0131 sunuyor&#8221; \u015feklindeki bilgilere yer verdi.<\/p>\n<p>Agance France Presse (AFP) ise \u0130brahim Tatl\u0131ses&#8217;in ya\u015fam m\u00fccadelesi verdi\u011fini belirterek \u00fcnl\u00fc sanat\u00e7\u0131n\u0131n Ortado\u011fu&#8217;da b\u00fcy\u00fck \u015f\u00f6hret sahibi oldu\u011funu dile getirdi. AFP \u015fu bilgileri d\u00fcnyaya duyurdu: &#8220;Sald\u0131r\u0131y\u0131 kimin ve neden ger\u00e7ekle\u015ftirdi\u011fi bilinmiyor.\u00a0T\u00fcrkiye\u2019nin en \u00fcnl\u00fc \u015fark\u0131c\u0131lar\u0131ndan biri olan \u201cT\u00fcrk Pavarotti\u201d ve \u201c\u0130mparator\u201d lakapl\u0131 Tatl\u0131ses, Ortado\u011fu\u2019da da iyi tan\u0131n\u0131yor.\u00a0Ayn\u0131 zamanda n\u00fcfuzlu bir i\u015fadam\u0131 olan Tatl\u0131ses&#8217;in, yap\u0131m \u015firketi, televizyon kanal\u0131 ve restoranlar zinciri bulunuyor.<\/p>\n<p>\u0130ngiliz televizyon kanal\u0131 BBC ise \u0130brahim Tatl\u0131ses vuruldu haberini sanat\u00e7\u0131n\u0131n pop\u00fclerli\u011finden bahsederek verdi. El Arabiye de &#8220;\u00dcnl\u00fc T\u00fcrk \u015fark\u0131c\u0131n\u0131n durumu kritik&#8221; ba\u015fl\u0131kl\u0131 haberinde &#8220;Doktorlar, 58 ya\u015f\u0131ndaki sanat\u00e7\u0131n\u0131n fel\u00e7 kalma riski bulundu\u011funu belirtti. Ba\u015fbakan Tayyip Erdo\u011fan\u2019\u0131n, Tatl\u0131ses\u2019in kald\u0131\u011f\u0131 hastaneyi arad\u0131\u011f\u0131 ve onu kurtarmalar\u0131 i\u00e7in ellerinden geleni yapmalar\u0131n\u0131 istedi\u011fi ifade edildi.\u00a0Tatl\u0131ses, kariyeri boyunca 38 alb\u00fcm yapt\u0131, televizyonda programlar sundu ve \u00e7ok say\u0131da filmde yer ald\u0131. Tatl\u0131ses, 1990\u2019da baca\u011f\u0131ndan vurulmu\u015f, 1998 y\u0131l\u0131nda kendisine y\u00f6nelik suikast giri\u015fiminden kurtulmu\u015ftu&#8221; ifadelerini kulland\u0131.<\/p>\n<p>\u0130brahim Tatl\u0131ses vuruldu haberi sanat\u00e7\u0131n\u0131n yat\u0131r\u0131m yapt\u0131\u011f\u0131 Kuzey Irak&#8217;\u0131n yan\u0131 s\u0131ra \u0130ran, M\u0131s\u0131r, Suriye gibi \u00fclkelerde de geni\u015f yank\u0131 buldu.<\/p>\n<span style=\"font-weight: bold; color: #f00;\">Error, group does not exist! Check your syntax! (ID: 75)<\/span>\n<!-- Error, Advert is not available at this time due to schedule\/geolocation restrictions! -->\n","protected":false},"excerpt":{"rendered":"<p>T\u00fcrkiye g\u00fcndemine bomba gibi d\u00fc\u015fen \u0130brahim Tatl\u0131ses vuruldu haberi d\u00fcnya bas\u0131n\u0131nda da geni\u015f yer buldu. \u0130brahim Tatl\u0131ses vuruldu, son durumu, son dakika haberleri&#8230;<\/p>\n","protected":false},"author":4,"featured_media":62734,"comment_status":"open","ping_status":"open","sticky":false,"template":"","format":"standard","meta":{"_acf_changed":false,"footnotes":""},"categories":[6155,6232,5005,6667,6772,6202,6805],"tags":[1919,64615,64616,64607,806],"class_list":["post-62733","post","type-post","status-publish","format-standard","has-post-thumbnail","hentry","category-gundem","category-magazin","category-manset","category-medya","category-ortadogu","category-politika","category-turkiye","tag-ibrahim-tatlises","tag-ibrahim-tatlises-saglik-durumu","tag-ibrahim-tatlises-son-dakika","tag-ibrahim-tatlises-vuruldu","tag-suriye"],"acf":[],"_links":{"self":[{"href":"https:\/\/www.nationalturk.com\/tr\/wp-json\/wp\/v2\/posts\/62733","targetHints":{"allow":["GET"]}}],"collection":[{"href":"https:\/\/www.nationalturk.com\/tr\/wp-json\/wp\/v2\/posts"}],"about":[{"href":"https:\/\/www.nationalturk.com\/tr\/wp-json\/wp\/v2\/types\/post"}],"author":[{"embeddable":true,"href":"https:\/\/www.nationalturk.com\/tr\/wp-json\/wp\/v2\/users\/4"}],"replies":[{"embeddable":true,"href":"https:\/\/www.nationalturk.com\/tr\/wp-json\/wp\/v2\/comments?post=62733"}],"version-history":[{"count":0,"href":"https:\/\/www.nationalturk.com\/tr\/wp-json\/wp\/v2\/posts\/62733\/revisions"}],"wp:featuredmedia":[{"embeddable":true,"href":"https:\/\/www.nationalturk.com\/tr\/wp-json\/wp\/v2\/media\/62734"}],"wp:attachment":[{"href":"https:\/\/www.nationalturk.com\/tr\/wp-json\/wp\/v2\/media?parent=62733"}],"wp:term":[{"taxonomy":"category","embeddable":true,"href":"https:\/\/www.nationalturk.com\/tr\/wp-json\/wp\/v2\/categories?post=62733"},{"taxonomy":"post_tag","embeddable":true,"href":"https:\/\/www.nationalturk.com\/tr\/wp-json\/wp\/v2\/tags?post=62733"}],"curies":[{"name":"wp","href":"https:\/\/api.w.org\/{rel}","templated":true}]}}