{"id":62832,"date":"2011-03-16T10:40:24","date_gmt":"2011-03-16T08:40:24","guid":{"rendered":"http:\/\/www.nationalturk.com\/?p=62832"},"modified":"2011-03-16T11:00:41","modified_gmt":"2011-03-16T09:00:41","slug":"ibrahim-tatlises-vurulma-ani-62832","status":"publish","type":"post","link":"https:\/\/www.nationalturk.com\/tr\/ibrahim-tatlises-vurulma-ani-62832\/","title":{"rendered":"\u0130brahim Tatl\u0131ses vurulma an\u0131 kameralara b\u00f6yle yans\u0131d\u0131 \/ Video"},"content":{"rendered":"<h1><img loading=\"lazy\" decoding=\"async\" class=\"alignleft size-full wp-image-62833\" title=\"\u0130brahim Tatl\u0131ses Vurulma an\u0131\" src=\"http:\/\/www.nationalturk.com\/tr\/wp-content\/uploads\/2011\/03\/ibo_vurulmaani.jpg\" alt=\"\" width=\"381\" height=\"251\" srcset=\"https:\/\/www.nationalturk.com\/tr\/wp-content\/uploads\/2011\/03\/ibo_vurulmaani.jpg 476w, https:\/\/www.nationalturk.com\/tr\/wp-content\/uploads\/2011\/03\/ibo_vurulmaani-280x184.jpg 280w\" sizes=\"auto, (max-width: 381px) 100vw, 381px\" \/>\u0130brahim Tatl\u0131ses&#8217;in silahl\u0131 sald\u0131r\u0131ya u\u011framas\u0131n\u0131n ard\u0131ndan vurulma an\u0131 g\u00f6r\u00fcnt\u00fcleri TGRT Haber&#8217;de yay\u0131nland\u0131. \u0130brahim Tatl\u0131ses vurulma an\u0131 \/ Video&#8230;<\/h1>\n<p>\u0130brahim Tatl\u0131ses Nurol Plaza&#8217;daki Beyaz TV st\u00fcdyosunda \u0130bo \u015eov&#8217;u \u00e7ektikten sonra \u00f6zel arac\u0131yla giderken kala\u015fnikof t\u00fcfekle sald\u0131r\u0131ya u\u011frad\u0131. TGRT Haber&#8217;in ele ge\u00e7irdi\u011fi g\u00f6r\u00fcnt\u00fclerde Nurol Plaza \u00f6n\u00fcndeki kalabal\u0131k, program\u0131n\u0131 tamamlayan \u0130brahim Tatl\u0131ses&#8217;i kap\u0131da bekliyor. \u0130brahim Tatl\u0131ses vurulma an\u0131 g\u00f6r\u00fcnt\u00fclerinde Nurol Plaza&#8217;dan ilk olarak sanat\u00e7\u0131n\u0131n bas\u0131n dan\u0131\u015fman\u0131 Buket \u00c7ak\u0131c\u0131 \u00e7\u0131k\u0131yor ve makam arac\u0131na do\u011fru gidiyor. Korumalarla bir \u015feyler konu\u015ftuktan sonra arac\u0131n arka koltu\u011funa oturan Buket \u00c7ak\u0131c\u0131&#8217;dan sonra ise \u0130brahim Tatl\u0131ses ekranlara yans\u0131yor.<\/p>\n<p>\u0130brahim Tatl\u0131ses \u00e7\u0131kt\u0131ktan sonra 2 gurbet\u00e7i hayran\u0131 ile foto\u011fraf \u00e7ektiriyor. 2 hayran\u0131n sald\u0131r\u0131y\u0131 d\u00fczenleyenlerle birlikte \u00e7al\u0131\u015ft\u0131\u011f\u0131 ve \u0130brahim Tatl\u0131ses&#8217;i yava\u015flatmaya \u00e7al\u0131\u015ft\u0131klar\u0131 iddia edilmi\u015fti. Ancak gurbet\u00e7i vatanda\u015flar\u0131n sald\u0131r\u0131yla alakalar\u0131n\u0131n olmad\u0131\u011f\u0131 ortaya \u00e7\u0131kt\u0131. \u0130brahim Tatl\u0131ses daha sonra korumalar\u0131yla bir \u015feyler konu\u015ftuktan sonra arac\u0131n \u00f6n koltu\u011funa oturuyor.<\/p>\n[media id=1178 width=610 height=340]\n<p>Ara\u00e7 hareket ettikten k\u0131sa bir s\u00fcre sonra ise \u0130brahim Tatl\u0131ses vurulma an\u0131 g\u00f6r\u00fcnt\u00fclere yans\u0131yor. Birdenbire ortaya \u00e7\u0131kan g\u00fcr\u00fclt\u00fc ile etraftaki insanlar irkiliyor. Ama hi\u00e7bir \u015fey anla\u015f\u0131lm\u0131yor.\u00a0Korumalar\u0131n \u015fa\u015fk\u0131nl\u0131\u011f\u0131 devam ederken sald\u0131rgan kala\u015fnikofla 11 el ate\u015f ediyor. Kur\u015funlardan\u00a0d\u00f6rd\u00fc \u0130brahim Tatl\u0131ses&#8217;in bulundu\u011fu otomobile isabet ediyor.\u00a0Tatl\u0131ses&#8217;in makam arac\u0131 k\u0131sa bir duraklaman\u0131n ard\u0131ndan yoluna devam ediyor. Korumalar\u0131n oldu\u011fu arac\u0131n hareketsiz kalmas\u0131 da dikkat \u00e7ekici. \u00a0Korumalardan biri yerdeki mermi kovanlar\u0131n\u0131 toplad\u0131ktan sonra koruma arac\u0131na binerek \u0130brahim Tatl\u0131ses&#8217;i ta\u015f\u0131yan arac\u0131 takip ediyor. \u00a0\u0130brahim Tatl\u0131ses vurulma an\u0131 videosunda t\u00fcm ya\u015fananlar b\u00fct\u00fcn a\u00e7\u0131kl\u0131\u011f\u0131yla ekranlara yans\u0131yor.<\/p>\n<h2>\u0130\u015fte \u0130brahim Tatl\u0131ses vurulma an\u0131<\/h2>\n[media id=1177 width=610 height=340]\n<!-- Error, Advert is not available at this time due to schedule\/geolocation restrictions! -->\n<!-- Error, Advert is not available at this time due to schedule\/geolocation restrictions! -->\n","protected":false},"excerpt":{"rendered":"<p>\u0130brahim Tatl\u0131ses&#8217;in silahl\u0131 sald\u0131r\u0131ya u\u011framas\u0131n\u0131n ard\u0131ndan vurulma an\u0131 g\u00f6r\u00fcnt\u00fcleri TGRT Haber&#8217;de yay\u0131nland\u0131. \u0130brahim Tatl\u0131ses vurulma an\u0131 \/ Video&#8230;<\/p>\n","protected":false},"author":4,"featured_media":62833,"comment_status":"open","ping_status":"open","sticky":false,"template":"","format":"standard","meta":{"_acf_changed":false,"footnotes":""},"categories":[6155,6232,5005,6667,6805,342],"tags":[1919,64780,64607],"class_list":["post-62832","post","type-post","status-publish","format-standard","has-post-thumbnail","hentry","category-gundem","category-magazin","category-manset","category-medya","category-turkiye","category-video","tag-ibrahim-tatlises","tag-ibrahim-tatlises-saldiri","tag-ibrahim-tatlises-vuruldu"],"acf":[],"_links":{"self":[{"href":"https:\/\/www.nationalturk.com\/tr\/wp-json\/wp\/v2\/posts\/62832","targetHints":{"allow":["GET"]}}],"collection":[{"href":"https:\/\/www.nationalturk.com\/tr\/wp-json\/wp\/v2\/posts"}],"about":[{"href":"https:\/\/www.nationalturk.com\/tr\/wp-json\/wp\/v2\/types\/post"}],"author":[{"embeddable":true,"href":"https:\/\/www.nationalturk.com\/tr\/wp-json\/wp\/v2\/users\/4"}],"replies":[{"embeddable":true,"href":"https:\/\/www.nationalturk.com\/tr\/wp-json\/wp\/v2\/comments?post=62832"}],"version-history":[{"count":0,"href":"https:\/\/www.nationalturk.com\/tr\/wp-json\/wp\/v2\/posts\/62832\/revisions"}],"wp:featuredmedia":[{"embeddable":true,"href":"https:\/\/www.nationalturk.com\/tr\/wp-json\/wp\/v2\/media\/62833"}],"wp:attachment":[{"href":"https:\/\/www.nationalturk.com\/tr\/wp-json\/wp\/v2\/media?parent=62832"}],"wp:term":[{"taxonomy":"category","embeddable":true,"href":"https:\/\/www.nationalturk.com\/tr\/wp-json\/wp\/v2\/categories?post=62832"},{"taxonomy":"post_tag","embeddable":true,"href":"https:\/\/www.nationalturk.com\/tr\/wp-json\/wp\/v2\/tags?post=62832"}],"curies":[{"name":"wp","href":"https:\/\/api.w.org\/{rel}","templated":true}]}}