{"id":63012,"date":"2011-03-17T18:05:30","date_gmt":"2011-03-17T16:05:30","guid":{"rendered":"http:\/\/www.nationalturk.com\/?p=63012"},"modified":"2011-03-17T18:05:30","modified_gmt":"2011-03-17T16:05:30","slug":"gultan-kisanak-sirnak-konusma-ocalan-63012","status":"publish","type":"post","link":"https:\/\/www.nationalturk.com\/tr\/gultan-kisanak-sirnak-konusma-ocalan-63012\/","title":{"rendered":"G\u00fcltan K\u0131\u015fanak rahat durmuyor! &#8220;\u00d6calan&#8217;\u0131 aram\u0131zda g\u00f6rmek istiyoruz&#8221;"},"content":{"rendered":"<h1><img loading=\"lazy\" decoding=\"async\" class=\"alignleft size-full wp-image-63017\" title=\"G\u00fcltan K\u0131\u015fanak\" src=\"http:\/\/www.nationalturk.com\/tr\/wp-content\/uploads\/2011\/03\/gulten_kisanak_yatay.jpg\" alt=\"\" width=\"330\" height=\"248\" srcset=\"https:\/\/www.nationalturk.com\/tr\/wp-content\/uploads\/2011\/03\/gulten_kisanak_yatay.jpg 330w, https:\/\/www.nationalturk.com\/tr\/wp-content\/uploads\/2011\/03\/gulten_kisanak_yatay-280x210.jpg 280w\" sizes=\"auto, (max-width: 330px) 100vw, 330px\" \/>BDP Genel Ba\u015fkan Yard\u0131mc\u0131s\u0131 G\u00fcltan K\u0131\u015fanak \u015e\u0131rnak&#8217;ta yapt\u0131\u011f\u0131 konu\u015fmada yine ter\u00f6r \u00f6rg\u00fct\u00fc lehine s\u00f6zler sarfetti.<\/h1>\n<p>\u015e\u0131rnak&#8217;ta BDP taraf\u0131ndan d\u00fczenlenen nevruz kutlamalar\u0131na kat\u0131lan G\u00fcltan K\u0131\u015fanak alanda toplanan yakla\u015f\u0131k 15 bin ki\u015fiye hitaben bir konu\u015fma yapt\u0131. K\u00fcrt sorununun muhatab\u0131n\u0131n ter\u00f6r \u00f6rg\u00fct\u00fc eleba\u015f\u0131 Abdullah \u00d6calan oldu\u011funu iddia eden K\u0131\u015fanak, &#8220;Halk\u0131m\u0131z meydanlarda sokaklarda k\u00fcrs\u00fclerde her yerde hayk\u0131r\u0131yor. Biz art\u0131k say\u0131n \u00d6calan\u2019\u0131 aram\u0131zda g\u00f6rmek istiyoruz.\u00a0Bu meydanlar\u0131 \u00f6zg\u00fcrle\u015ftirmek i\u00e7in \u00e7ok emek verdik, \u00e7ok bedel \u00f6dedik, \u00e7ok \u015fehit verdik. Nevruz \u015fehitlerini sayg\u0131yla an\u0131yoruz. Onlar\u0131n an\u0131s\u0131n\u0131 ger\u00e7ekle\u015ftirmek bizim siyasi g\u00f6revimizdir.\u00a0Bu meydanlarda bize katliamlar yapt\u0131lar. Bu meydanlar\u0131 \u00f6zg\u00fcrle\u015ftiren K\u00fcrt halk\u0131 \u015fimdi de bu meydanlarda \u00e7\u00f6z\u00fcm\u00fcn yol haritas\u0131n\u0131 \u00e7izecek. Bu \u00fclkeye bir g\u00fcn ama bir g\u00fcn mutlaka \u00f6zg\u00fcrl\u00fc\u011f\u00fc, bar\u0131\u015f\u0131 ve karde\u015fli\u011fi getirece\u011fiz. K\u00fcrt sorununun bar\u0131\u015f\u00e7\u0131l \u00e7\u00f6z\u00fcm\u00fc art\u0131k b\u00fct\u00fcn ko\u015fullar\u0131yla olgunla\u015fm\u0131\u015ft\u0131r. \u015eimdiye kadar bu anayasalarda bizi yok sayd\u0131lar. Dilimizi, kimli\u011fimizi, k\u00fclt\u00fcr\u00fcm\u00fcz\u00fc inkar ettiler. Anadilde e\u011fitim, anadilde kamusal hayat istiyoruz. Anayasa bunu g\u00fcvenceye almal\u0131. Biz K\u00fcrt halk\u0131 art\u0131k kendimizi y\u00f6netmek istiyoruz. Demokratik \u00f6zerklik istiyoruz. Demokratik bir anayasa, demokratik \u00f6zerkli\u011fi, demokratik cumhuriyeti ve demokratik \u00f6zerk K\u00fcrdistan\u2019\u0131 g\u00fcvence alt\u0131na almal\u0131. \u0130\u015fte \u00e7\u00f6z\u00fcm bu kadar kolay&#8221; diye konu\u015ftu.<\/p>\n<p>H\u0131z\u0131n\u0131 alamayan G\u00fcltan K\u0131\u015fanak Ba\u015fbakan Recep Tayyip Erdo\u011fan&#8217;a seslenerek &#8220;K\u00fcrt halk\u0131 muhatap \u00d6calan\u2019d\u0131r diyor. \u0130\u015fte meydan burada. Devlette sa\u011fduyu varsa, ger\u00e7ekten T\u00fcrkiye\u2019nin gelece\u011fini bu \u00fclkede ya\u015fanan insanlar\u0131n huzur i\u00e7erisinde ve e\u015fit ya\u015famas\u0131n\u0131 istiyorsa say\u0131n \u00d6calan ile biran \u00f6nce ba\u015flatt\u0131\u011f\u0131 g\u00f6r\u00fc\u015fmeleri bir m\u00fczakereye d\u00f6n\u00fc\u015ft\u00fcrmeli, protokol imzalay\u0131p bar\u0131\u015f\u0131 sa\u011flamal\u0131d\u0131r. Halk\u0131m\u0131z meydanlarda sokaklarda k\u00fcrs\u00fclerde her yerde hayk\u0131r\u0131yor. Biz art\u0131k say\u0131n \u00d6calan\u2019\u0131 aram\u0131zda g\u00f6rmek istiyoruz&#8221; ifadelerini kulland\u0131.<\/p>\n<span style=\"font-weight: bold; color: #f00;\">Error, group does not exist! Check your syntax! (ID: 51)<\/span>\n<span style=\"font-weight: bold; color: #f00;\">Error, group does not exist! Check your syntax! (ID: 61)<\/span>\n<p>&nbsp;<\/p>\n","protected":false},"excerpt":{"rendered":"<p>BDP Genel Ba\u015fkan Yard\u0131mc\u0131s\u0131 G\u00fcltan K\u0131\u015fanak \u015e\u0131rnak&#8217;ta yapt\u0131\u011f\u0131 konu\u015fmada yine ter\u00f6r \u00f6rg\u00fct\u00fc lehine s\u00f6zler sarfetti.<\/p>\n","protected":false},"author":4,"featured_media":63017,"comment_status":"open","ping_status":"open","sticky":false,"template":"","format":"standard","meta":{"_acf_changed":false,"footnotes":""},"categories":[6155,5005,6202,6805],"tags":[8068,11498,14971,18446,11502],"class_list":["post-63012","post","type-post","status-publish","format-standard","has-post-thumbnail","hentry","category-gundem","category-manset","category-politika","category-turkiye","tag-abdullah-ocalan","tag-bdp","tag-gultan-kisanak","tag-nevruz-kutlamalari","tag-sirnak"],"acf":[],"_links":{"self":[{"href":"https:\/\/www.nationalturk.com\/tr\/wp-json\/wp\/v2\/posts\/63012","targetHints":{"allow":["GET"]}}],"collection":[{"href":"https:\/\/www.nationalturk.com\/tr\/wp-json\/wp\/v2\/posts"}],"about":[{"href":"https:\/\/www.nationalturk.com\/tr\/wp-json\/wp\/v2\/types\/post"}],"author":[{"embeddable":true,"href":"https:\/\/www.nationalturk.com\/tr\/wp-json\/wp\/v2\/users\/4"}],"replies":[{"embeddable":true,"href":"https:\/\/www.nationalturk.com\/tr\/wp-json\/wp\/v2\/comments?post=63012"}],"version-history":[{"count":0,"href":"https:\/\/www.nationalturk.com\/tr\/wp-json\/wp\/v2\/posts\/63012\/revisions"}],"wp:featuredmedia":[{"embeddable":true,"href":"https:\/\/www.nationalturk.com\/tr\/wp-json\/wp\/v2\/media\/63017"}],"wp:attachment":[{"href":"https:\/\/www.nationalturk.com\/tr\/wp-json\/wp\/v2\/media?parent=63012"}],"wp:term":[{"taxonomy":"category","embeddable":true,"href":"https:\/\/www.nationalturk.com\/tr\/wp-json\/wp\/v2\/categories?post=63012"},{"taxonomy":"post_tag","embeddable":true,"href":"https:\/\/www.nationalturk.com\/tr\/wp-json\/wp\/v2\/tags?post=63012"}],"curies":[{"name":"wp","href":"https:\/\/api.w.org\/{rel}","templated":true}]}}