{"id":63152,"date":"2011-03-19T11:14:25","date_gmt":"2011-03-19T09:14:25","guid":{"rendered":"http:\/\/www.nationalturk.com\/?p=63152"},"modified":"2022-09-11T13:58:09","modified_gmt":"2022-09-11T10:58:09","slug":"japonya-depremi-olu-sayisi-28149","status":"publish","type":"post","link":"https:\/\/www.nationalturk.com\/tr\/japonya-depremi-olu-sayisi-28149\/","title":{"rendered":"Japonya\u2019da depreminde \u00f6l\u00fc say\u0131s\u0131 7 bin 197"},"content":{"rendered":"<h2><a href=\"http:\/\/www.nationalturk.com\/tr\/wp-content\/uploads\/2011\/03\/japonya-depremi-olu-sayisi.jpg\"><img loading=\"lazy\" decoding=\"async\" class=\"alignleft size-full wp-image-63153\" title=\"Japonya\u2019da depreminde \u00f6l\u00fc say\u0131s\u0131 7 bin 197 \" src=\"http:\/\/www.nationalturk.com\/tr\/wp-content\/uploads\/2011\/03\/japonya-depremi-olu-sayisi.jpg\" alt=\"\" width=\"377\" height=\"246\"><\/a>Japonya\u2019da meydana gelen felaketin bilan\u00e7osu olduk\u00e7a a\u011f\u0131r. Japonya\u2019da depreminde \u00f6l\u00fc say\u0131s\u0131n\u0131n  7 bin 197 oldu\u011fu ve 10 bin 905 ki\u015finin de kay\u0131p oldu\u011fu a\u00e7\u0131kland\u0131.<\/h2>\n<p>Resmi rakamlara g\u00f6re \u015fu ana kadar \u00f6l\u00fc say\u0131s\u0131 7 bin 197\u2019ye y\u00fckselirken, 10 bin 905 ki\u015finin de kay\u0131p oldu\u011fu bildirildi.<\/p>\n<p>Japonya Ulusal Polis Ajans\u0131, deprem ve tsunami sonucu \u00f6l\u00fc ve kay\u0131p say\u0131s\u0131n\u0131n 18 bini ge\u00e7ti\u011fini a\u00e7\u0131klad\u0131. Buna g\u00f6re resmi rakamlara g\u00f6re \u00f6l\u00fc say\u0131s\u0131 7 bin 197\u2019ye y\u00fckselirken, 10 bin 905 ki\u015finin de kay\u0131p oldu\u011fu belirtildi. Polis ayr\u0131ca bug\u00fcne kadar 3 bin 90 cesedin kimli\u011finin belirlendi\u011fini ve bunlardan bin 550\u2019sinin ailelerine teslim edildi\u011fini kaydetti.<\/p>\n<p>Deprem ve tsunami felaketinin Japonya\u2019y\u0131 vurmas\u0131ndan 8 g\u00fcn ge\u00e7erken, kay\u0131plar\u0131n aranmas\u0131 \u00e7al\u0131\u015fmalar\u0131 devam ediyor. Japonya makamlar\u0131 \u015fimdi de kurtulanlar i\u00e7in ya\u015fayabilecekleri yer in\u015fa etmeye odakland\u0131. Afetten kurtulan yakla\u015f\u0131k 387 bin ki\u015finin 2 bin 200 s\u0131\u011f\u0131nakta ya\u015fad\u0131\u011f\u0131 ifade ediliyor.<\/p>\n<p>Bu arada Iwate b\u00f6lgesindeki Rikuzentakata \u015fehrinde kurtulanlar i\u00e7in 200 ge\u00e7ici konutun in\u015faat\u0131 ba\u015fland\u0131. Yakla\u015f\u0131k 2-3 ki\u015finin bar\u0131nabilece\u011fi prefabrik evlerin bitirilmesi tarihi ise hen\u00fcz netle\u015fmedi.<\/p>\n<span style=\"font-weight: bold; color: #f00;\">Error, group does not exist! Check your syntax! (ID: 52)<\/span>\n","protected":false},"excerpt":{"rendered":"<p>Japonya\u2019da meydana gelen felaketin bilan\u00e7osu olduk\u00e7a a\u011f\u0131r. Japonya\u2019da depreminde \u00f6l\u00fc say\u0131s\u0131n\u0131n 7 bin 197 oldu\u011fu ve 10 bin 905 ki\u015finin de kay\u0131p oldu\u011fu a\u00e7\u0131kland\u0131.<\/p>\n","protected":false},"author":3,"featured_media":63153,"comment_status":"open","ping_status":"open","sticky":false,"template":"","format":"standard","meta":{"_acf_changed":false,"footnotes":""},"categories":[6769,6665,6155,5005,220816,6662],"tags":[4150,863,4146,64470,65073,64472],"class_list":["post-63152","post","type-post","status-publish","format-standard","has-post-thumbnail","hentry","category-asya","category-dunya","category-gundem","category-manset","category-uzak-dogu","category-yasam","tag-buyuk-deprem-japonya","tag-japonya","tag-japonya-deprem","tag-japonya-depremi","tag-japonya-felaket","tag-japonya-tsunami"],"acf":[],"_links":{"self":[{"href":"https:\/\/www.nationalturk.com\/tr\/wp-json\/wp\/v2\/posts\/63152","targetHints":{"allow":["GET"]}}],"collection":[{"href":"https:\/\/www.nationalturk.com\/tr\/wp-json\/wp\/v2\/posts"}],"about":[{"href":"https:\/\/www.nationalturk.com\/tr\/wp-json\/wp\/v2\/types\/post"}],"author":[{"embeddable":true,"href":"https:\/\/www.nationalturk.com\/tr\/wp-json\/wp\/v2\/users\/3"}],"replies":[{"embeddable":true,"href":"https:\/\/www.nationalturk.com\/tr\/wp-json\/wp\/v2\/comments?post=63152"}],"version-history":[{"count":0,"href":"https:\/\/www.nationalturk.com\/tr\/wp-json\/wp\/v2\/posts\/63152\/revisions"}],"wp:featuredmedia":[{"embeddable":true,"href":"https:\/\/www.nationalturk.com\/tr\/wp-json\/wp\/v2\/media\/63153"}],"wp:attachment":[{"href":"https:\/\/www.nationalturk.com\/tr\/wp-json\/wp\/v2\/media?parent=63152"}],"wp:term":[{"taxonomy":"category","embeddable":true,"href":"https:\/\/www.nationalturk.com\/tr\/wp-json\/wp\/v2\/categories?post=63152"},{"taxonomy":"post_tag","embeddable":true,"href":"https:\/\/www.nationalturk.com\/tr\/wp-json\/wp\/v2\/tags?post=63152"}],"curies":[{"name":"wp","href":"https:\/\/api.w.org\/{rel}","templated":true}]}}