{"id":63223,"date":"2011-03-21T10:39:15","date_gmt":"2011-03-21T08:39:15","guid":{"rendered":"http:\/\/www.nationalturk.com\/?p=63223"},"modified":"2011-03-21T10:39:15","modified_gmt":"2011-03-21T08:39:15","slug":"barcelona-getafe-maci-ozeti-63223","status":"publish","type":"post","link":"https:\/\/www.nationalturk.com\/tr\/barcelona-getafe-maci-ozeti-63223\/","title":{"rendered":"Barcelona Getafe ma\u00e7\u0131 \u00f6zeti \/ Video"},"content":{"rendered":"<h1><img loading=\"lazy\" decoding=\"async\" class=\"alignnone size-full wp-image-63207\" title=\"Barcelonal\u0131 futbolcular Abidal&#039;i unutmad\u0131\" src=\"http:\/\/www.nationalturk.com\/tr\/wp-content\/uploads\/2011\/03\/abidall.jpg\" alt=\"\" width=\"600\" height=\"338\" srcset=\"https:\/\/www.nationalturk.com\/tr\/wp-content\/uploads\/2011\/03\/abidall.jpg 600w, https:\/\/www.nationalturk.com\/tr\/wp-content\/uploads\/2011\/03\/abidall-280x157.jpg 280w\" sizes=\"auto, (max-width: 600px) 100vw, 600px\" \/><\/h1>\n<h1>La Liga 29. hafta ma\u00e7\u0131nda Barcelona Getafe kar\u015f\u0131s\u0131nda 2-1 galip gelerek liderli\u011fini ve Real Madrid ile 5 puanl\u0131k fark\u0131 s\u00fcrd\u00fcrd\u00fc. Barcelona Getafe ma\u00e7\u0131&#8230;<\/h1>\n<p>Barcelona Getafe ma\u00e7\u0131nda Katalanlara galibiyeti getiren goller 17. dakikada Dani Alves ve 50. dakikada Bojan Krkic&#8217;ten geldi. Getafe&#8217;nin tek gol\u00fcn\u00fc ise 88. dakikada Manu att\u0131. Barcelonal\u0131 futbolcular karaci\u011ferinde t\u00fcm\u00f6r tespit edilen Eric Abidal&#8217;e moral vermek amac\u0131yla futbolcuya giydikleri tshirtlerle mesaj g\u00f6nderdiler. Barcelona Getafe ma\u00e7\u0131 22. dakikas\u0131nda da taraftarlar hep birlikte aya\u011fa kalkarak Abidal&#8217;e alk\u0131\u015flarla destek verdi.<\/p>\n<p>Barcelona Getafe kar\u015f\u0131s\u0131nda ald\u0131\u011f\u0131 galibiyetle puan\u0131n\u0131 78&#8217;e \u00e7\u0131kard\u0131. Atletico Madrid&#8217;i ma\u011flup eden Real Madrid, 73 puanla ikinci s\u0131rada.<\/p>\n<h2>Barcelona Getafe ma\u00e7\u0131&#8230;<\/h2>\n<h2>[media id=1188 width=610 height=340]<\/h2>\n<!-- Error, Advert is not available at this time due to schedule\/geolocation restrictions! -->\n","protected":false},"excerpt":{"rendered":"<p>La Liga 29. hafta ma\u00e7\u0131nda Barcelona Getafe kar\u015f\u0131s\u0131nda 2-1 galip gelerek liderli\u011fini ve Real Madrid ile 5 puanl\u0131k fark\u0131 s\u00fcrd\u00fcrd\u00fc. Barcelona Getafe ma\u00e7\u0131&#8230;<\/p>\n","protected":false},"author":4,"featured_media":63207,"comment_status":"open","ping_status":"open","sticky":false,"template":"","format":"standard","meta":{"_acf_changed":false,"footnotes":""},"categories":[1],"tags":[1038,65119,65123,65121,48056],"class_list":["post-63223","post","type-post","status-publish","format-standard","has-post-thumbnail","hentry","category-nationalturk","tag-barcelona","tag-barcelona-getafe","tag-barcelona-getafe-golleri","tag-barcelona-getafe-ozeti","tag-barcelona-maci"],"acf":[],"_links":{"self":[{"href":"https:\/\/www.nationalturk.com\/tr\/wp-json\/wp\/v2\/posts\/63223","targetHints":{"allow":["GET"]}}],"collection":[{"href":"https:\/\/www.nationalturk.com\/tr\/wp-json\/wp\/v2\/posts"}],"about":[{"href":"https:\/\/www.nationalturk.com\/tr\/wp-json\/wp\/v2\/types\/post"}],"author":[{"embeddable":true,"href":"https:\/\/www.nationalturk.com\/tr\/wp-json\/wp\/v2\/users\/4"}],"replies":[{"embeddable":true,"href":"https:\/\/www.nationalturk.com\/tr\/wp-json\/wp\/v2\/comments?post=63223"}],"version-history":[{"count":0,"href":"https:\/\/www.nationalturk.com\/tr\/wp-json\/wp\/v2\/posts\/63223\/revisions"}],"wp:featuredmedia":[{"embeddable":true,"href":"https:\/\/www.nationalturk.com\/tr\/wp-json\/wp\/v2\/media\/63207"}],"wp:attachment":[{"href":"https:\/\/www.nationalturk.com\/tr\/wp-json\/wp\/v2\/media?parent=63223"}],"wp:term":[{"taxonomy":"category","embeddable":true,"href":"https:\/\/www.nationalturk.com\/tr\/wp-json\/wp\/v2\/categories?post=63223"},{"taxonomy":"post_tag","embeddable":true,"href":"https:\/\/www.nationalturk.com\/tr\/wp-json\/wp\/v2\/tags?post=63223"}],"curies":[{"name":"wp","href":"https:\/\/api.w.org\/{rel}","templated":true}]}}