{"id":63949,"date":"2011-03-29T11:49:50","date_gmt":"2011-03-29T09:49:50","guid":{"rendered":"http:\/\/www.nationalturk.com\/?p=63949"},"modified":"2011-03-29T11:49:50","modified_gmt":"2011-03-29T09:49:50","slug":"suriye-besar-esad-gosteri-63949","status":"publish","type":"post","link":"https:\/\/www.nationalturk.com\/tr\/suriye-besar-esad-gosteri-63949\/","title":{"rendered":"Suriye&#8217;de meydanlar bu kez Be\u015far Esad i\u00e7in doldu"},"content":{"rendered":"<h1><img loading=\"lazy\" decoding=\"async\" class=\"alignnone size-full wp-image-63950\" title=\"Suriye&#039;de meydanlar Be\u015far Esad i\u00e7in doldu\" src=\"http:\/\/www.nationalturk.com\/tr\/wp-content\/uploads\/2011\/03\/suriye_meydan.jpeg\" alt=\"\" width=\"566\" height=\"295\" srcset=\"https:\/\/www.nationalturk.com\/tr\/wp-content\/uploads\/2011\/03\/suriye_meydan.jpeg 566w, https:\/\/www.nationalturk.com\/tr\/wp-content\/uploads\/2011\/03\/suriye_meydan-280x145.jpg 280w\" sizes=\"auto, (max-width: 566px) 100vw, 566px\" \/><\/h1>\n<h1>Y\u00f6netim kar\u015f\u0131tlar\u0131n\u0131n haftalard\u0131r eylem yapt\u0131\u011f\u0131 Suriye&#8217;de bu sefer de meydanlar Devlet Ba\u015fkan\u0131 Be\u015far Esad&#8217;a destek i\u00e7in doldu.<\/h1>\n<p>Suriye\u2019nin ba\u015fkenti \u015eam ve Halep&#8217;te d\u00fczenlenen dev g\u00f6sterilerde Devlet Ba\u015fkan\u0131 Be\u015f\u015far Esad\u2019a destek veriliyor. Suriye devlet televizyonu g\u00f6sterileri canl\u0131 yay\u0131nlarken meydanlar\u0131n onbinlerce g\u00f6sterici taraf\u0131ndan dolduruldu\u011fu g\u00f6zleniyor.<\/p>\n<p>Suriye bayraklar\u0131 ve Be\u015far Esad posterleriyle meydanlar\u0131 dolduran g\u00f6stericiler s\u0131k s\u0131k Esad lehine slogan at\u0131yor. Hat\u0131rlanaca\u011f\u0131 gibi Suriye&#8217;nin g\u00fcneyindeki Dera kentinde ba\u015flayan muhalif g\u00f6steriler daha sonra \u00fclke geneline yay\u0131lm\u0131\u015ft\u0131. Be\u015far Esad ise baz\u0131 reformlar\u0131 yapaca\u011f\u0131 y\u00f6n\u00fcnde vaatlerde bulunduktan sonra 30 y\u0131ldan fazlad\u0131r devam eden ola\u011fan \u00fcst\u00fc hali kald\u0131rd\u0131. Suriye&#8217;de d\u00fczenlenen y\u00f6netim kar\u015f\u0131t\u0131 g\u00f6sterilerde 61 eylemci polisler taraf\u0131ndan \u00f6ld\u00fcr\u00fcld\u00fc.<\/p>\n<!-- Error, Advert is not available at this time due to schedule\/geolocation restrictions! -->\n<span style=\"font-weight: bold; color: #f00;\">Error, group does not exist! Check your syntax! (ID: 53)<\/span>\n","protected":false},"excerpt":{"rendered":"<p>Y\u00f6netim kar\u015f\u0131tlar\u0131n\u0131n haftalard\u0131r eylem yapt\u0131\u011f\u0131 Suriye&#8217;de bu sefer de meydanlar Devlet Ba\u015fkan\u0131 Be\u015far Esad&#8217;a destek i\u00e7in doldu.<\/p>\n","protected":false},"author":4,"featured_media":63950,"comment_status":"open","ping_status":"open","sticky":false,"template":"","format":"standard","meta":{"_acf_changed":false,"footnotes":""},"categories":[6769,6665,6155,5005,6772,6202],"tags":[31648,805,48948,806,65666,65667,65473],"class_list":["post-63949","post","type-post","status-publish","format-standard","has-post-thumbnail","hentry","category-asya","category-dunya","category-gundem","category-manset","category-ortadogu","category-politika","tag-besar-esad","tag-halep","tag-sam","tag-suriye","tag-suriye-gosteriler","tag-suriye-halep","tag-suriye-olaylari"],"acf":[],"_links":{"self":[{"href":"https:\/\/www.nationalturk.com\/tr\/wp-json\/wp\/v2\/posts\/63949","targetHints":{"allow":["GET"]}}],"collection":[{"href":"https:\/\/www.nationalturk.com\/tr\/wp-json\/wp\/v2\/posts"}],"about":[{"href":"https:\/\/www.nationalturk.com\/tr\/wp-json\/wp\/v2\/types\/post"}],"author":[{"embeddable":true,"href":"https:\/\/www.nationalturk.com\/tr\/wp-json\/wp\/v2\/users\/4"}],"replies":[{"embeddable":true,"href":"https:\/\/www.nationalturk.com\/tr\/wp-json\/wp\/v2\/comments?post=63949"}],"version-history":[{"count":0,"href":"https:\/\/www.nationalturk.com\/tr\/wp-json\/wp\/v2\/posts\/63949\/revisions"}],"wp:featuredmedia":[{"embeddable":true,"href":"https:\/\/www.nationalturk.com\/tr\/wp-json\/wp\/v2\/media\/63950"}],"wp:attachment":[{"href":"https:\/\/www.nationalturk.com\/tr\/wp-json\/wp\/v2\/media?parent=63949"}],"wp:term":[{"taxonomy":"category","embeddable":true,"href":"https:\/\/www.nationalturk.com\/tr\/wp-json\/wp\/v2\/categories?post=63949"},{"taxonomy":"post_tag","embeddable":true,"href":"https:\/\/www.nationalturk.com\/tr\/wp-json\/wp\/v2\/tags?post=63949"}],"curies":[{"name":"wp","href":"https:\/\/api.w.org\/{rel}","templated":true}]}}