{"id":64115,"date":"2011-03-31T10:05:48","date_gmt":"2011-03-31T08:05:48","guid":{"rendered":"http:\/\/www.nationalturk.com\/?p=64115"},"modified":"2022-09-11T13:58:03","modified_gmt":"2022-09-11T10:58:03","slug":"japonya-nukleer-santral-imparator-64115","status":"publish","type":"post","link":"https:\/\/www.nationalturk.com\/tr\/japonya-nukleer-santral-imparator-64115\/","title":{"rendered":"Japon \u0130mparatoru halk\u0131 \u00f6n\u00fcnde diz \u00e7\u00f6kt\u00fc! Japonya\u2019daki n\u00fckleer felakette son durum"},"content":{"rendered":"<h1><img loading=\"lazy\" decoding=\"async\" class=\"alignnone size-full wp-image-64116\" title=\"Japon \u0130mparatoru Akihito\" src=\"http:\/\/www.nationalturk.com\/tr\/wp-content\/uploads\/2011\/03\/japon_imparatoru.jpg\" alt=\"\" width=\"610\" height=\"376\"><\/h1>\n<h1>9.0 b\u00fcy\u00fckl\u00fc\u011f\u00fcndeki depremin ard\u0131ndan meydana gelen tsunami felaketi ile sars\u0131lan Japonya\u2019da Fuku\u015fima N\u00fckleer Santral\u0131ndan s\u0131zan radyasyon topra\u011fa ula\u015ft\u0131.<\/h1>\n<p>H\u00fck\u00fcmet yeni kurtarma planlar\u0131n\u0131 a\u00e7\u0131klad\u0131. Planlardan ilki zeminin ziftle kaplanmas\u0131n\u0131 \u00f6ng\u00f6r\u00fcyor. Buna g\u00f6re i\u015f\u00e7iler bug\u00fcn zeminin \u00fc\u00e7te birini radyasyon i\u00e7eren maddelerin okyanusa ve topra\u011fa s\u0131zmas\u0131n\u0131 engellemek i\u00e7in ziftle kaplayacak. Uygulaman\u0131n sonu\u00e7 vermesi halinde t\u00fcm zemine zift d\u00f6k\u00fclecek. \u0130kinci planda ise n\u00fckleer santral\u0131n \u00fcst\u00fcne branda \u00e7ekilmesi var. Bu plana g\u00f6re reakt\u00f6rlerin d\u0131\u015f\u0131 radyasyon s\u0131z\u0131nt\u0131s\u0131n\u0131 k\u0131smen \u00f6nleyecek olan sentetik kuma\u015fla kaplanacak.<\/p>\n<p>T\u00fcm Japonya ve d\u00fcnyada \u00f6nlemlerin i\u015fe yaray\u0131p yaramayaca\u011f\u0131 merakla beklenirken TEPCO Y\u00f6netim Kurulu Ba\u015fkan\u0131 Tsunehisa Katsumat umutsuz konu\u015farak \u201c\u00d6n\u00fcm\u00fczdeki hafta 4 reakt\u00f6rde beklenmedik kontrol d\u0131\u015f\u0131 geli\u015fmeler ya\u015fanabilir\u201d derken Rus uzmanlar olas\u0131 felaketi \u201cAyn\u0131 anda 3 \u00c7ernobil\u201d olarak niteledi.<\/p>\n<h2>Japonya \u0130mparatoru diz \u00e7\u00f6kt\u00fc<\/h2>\n<p>Bu arada Japon \u0130mparatoru Akihito, e\u015fi Michiko ile birlikte Tokyo\u2019da Fuku\u015fima\u2019dan tahliye edilenlerin kald\u0131\u011f\u0131 bir s\u0131\u011f\u0131na\u011f\u0131 ziyaret etti. \u0130mparator Akihito, felaketzedelerin dertlerini diz \u00e7\u00f6kerek dinledi ve onlara moral verdi.<\/p>\n<!-- Error, Advert is not available at this time due to schedule\/geolocation restrictions! -->\n","protected":false},"excerpt":{"rendered":"<p>9.0 b\u00fcy\u00fckl\u00fc\u011f\u00fcndeki depremin ard\u0131ndan meydana gelen tsunami felaketi ile sars\u0131lan Japonya\u2019da Fuku\u015fima N\u00fckleer Santral\u0131ndan s\u0131zan radyasyon topra\u011fa ula\u015ft\u0131.<\/p>\n","protected":false},"author":4,"featured_media":64116,"comment_status":"open","ping_status":"open","sticky":false,"template":"","format":"standard","meta":{"_acf_changed":false,"footnotes":""},"categories":[6769,6665,6155,5005,6202,220816,6662],"tags":[65849,863,65848,64888,64890,64889,64868,65125,65126],"class_list":["post-64115","post","type-post","status-publish","format-standard","has-post-thumbnail","hentry","category-asya","category-dunya","category-gundem","category-manset","category-politika","category-uzak-dogu","category-yasam","tag-japon-imparatoru-akihito","tag-japonya","tag-japonya-imparatoru","tag-japonya-nukleer","tag-japonya-nukleer-felaket","tag-japonya-radyasyon","tag-japonya-radyasyon-sizintisi","tag-japonya-son-durum","tag-japonyada-son-durum"],"acf":[],"_links":{"self":[{"href":"https:\/\/www.nationalturk.com\/tr\/wp-json\/wp\/v2\/posts\/64115","targetHints":{"allow":["GET"]}}],"collection":[{"href":"https:\/\/www.nationalturk.com\/tr\/wp-json\/wp\/v2\/posts"}],"about":[{"href":"https:\/\/www.nationalturk.com\/tr\/wp-json\/wp\/v2\/types\/post"}],"author":[{"embeddable":true,"href":"https:\/\/www.nationalturk.com\/tr\/wp-json\/wp\/v2\/users\/4"}],"replies":[{"embeddable":true,"href":"https:\/\/www.nationalturk.com\/tr\/wp-json\/wp\/v2\/comments?post=64115"}],"version-history":[{"count":0,"href":"https:\/\/www.nationalturk.com\/tr\/wp-json\/wp\/v2\/posts\/64115\/revisions"}],"wp:featuredmedia":[{"embeddable":true,"href":"https:\/\/www.nationalturk.com\/tr\/wp-json\/wp\/v2\/media\/64116"}],"wp:attachment":[{"href":"https:\/\/www.nationalturk.com\/tr\/wp-json\/wp\/v2\/media?parent=64115"}],"wp:term":[{"taxonomy":"category","embeddable":true,"href":"https:\/\/www.nationalturk.com\/tr\/wp-json\/wp\/v2\/categories?post=64115"},{"taxonomy":"post_tag","embeddable":true,"href":"https:\/\/www.nationalturk.com\/tr\/wp-json\/wp\/v2\/tags?post=64115"}],"curies":[{"name":"wp","href":"https:\/\/api.w.org\/{rel}","templated":true}]}}