{"id":64219,"date":"2011-03-31T17:07:03","date_gmt":"2011-03-31T15:07:03","guid":{"rendered":"http:\/\/www.nationalturk.com\/?p=64219"},"modified":"2011-03-31T17:07:03","modified_gmt":"2011-03-31T15:07:03","slug":"erdogan-baskanlik-sistemi-referandum-64219","status":"publish","type":"post","link":"https:\/\/www.nationalturk.com\/tr\/erdogan-baskanlik-sistemi-referandum-64219\/","title":{"rendered":"Erdo\u011fan: Ba\u015fkanl\u0131k sistemi referanduma sunulacak"},"content":{"rendered":"<h1><img loading=\"lazy\" decoding=\"async\" class=\"alignleft size-medium wp-image-64221\" title=\"Ba\u015fbakan Erdo\u011fan Londra&#039;da\" src=\"http:\/\/www.nationalturk.com\/tr\/wp-content\/uploads\/2011\/03\/erdogannn_konusmaa-280x186.jpg\" alt=\"\" width=\"280\" height=\"186\" srcset=\"https:\/\/www.nationalturk.com\/tr\/wp-content\/uploads\/2011\/03\/erdogannn_konusmaa-280x186.jpg 280w, https:\/\/www.nationalturk.com\/tr\/wp-content\/uploads\/2011\/03\/erdogannn_konusmaa.jpg 500w\" sizes=\"auto, (max-width: 280px) 100vw, 280px\" \/>Ba\u015fbakan Tayyip Erdo\u011fan, uzun s\u00fcredir g\u00fcndemde olan ba\u015fkanl\u0131k sistemini 12 Haziran se\u00e7imlerinden sonra referanduma sunulabilece\u011fini s\u00f6yledi.<\/h1>\n<p>Ba\u015fbakan Tayyip Erdo\u011fan, Bloomberg TV\u2019ye verdi\u011fi m\u00fclakatta 12 Haziran genel se\u00e7imleri, anayasa de\u011fi\u015fikli\u011fi, ba\u015fkanl\u0131k sistemi ve yeni bakanlar kuruluna ili\u015fkin \u00f6nemli a\u00e7\u0131klamalarda bulundu. Erdo\u011fan, ayr\u0131ca se\u00e7imlerin ard\u0131ndan bakanl\u0131k say\u0131s\u0131n\u0131n da 20&#8217;ye d\u00fc\u015f\u00fcr\u00fclece\u011fini belirtti.<\/p>\n<p>Erdo\u011fan, kendisine y\u00f6neltilen \u201cBa\u015fkanl\u0131k sistemini destekliyor musunuz?\u201d sorusu \u00fczerine \u015fu cevab\u0131 verdi: \u201cBu tabi tart\u0131\u015f\u0131lan bir konu. Bu bireysel olarak demokratik bir anlay\u0131\u015f i\u00e7erisinde halk\u0131m\u0131n talebi do\u011frultusunda ben y\u0131llar \u00f6nce belediye ba\u015fkanl\u0131\u011f\u0131m d\u00f6neminde ileri s\u00fcrd\u00fc\u011f\u00fcm bir konudur. Halk\u0131n b\u00f6yle bir talebe olumlu yan\u0131t vermesi halinde b\u00f6yle bir ad\u0131m at\u0131labilir.\u201d<\/p>\n<p>Erdo\u011fan, \u201cReferanduma sunacak m\u0131s\u0131n\u0131z?\u201d sorusu \u00fczerine ise, \u201cSunulabilir. \u015eu anda hemen sunulsun dile bir \u015fey s\u00f6z konusu de\u011fil. Bu se\u00e7im \u00f6ncesinde de zaten g\u00fcndemimizde de\u011fil. Se\u00e7im sonras\u0131 konu\u015fulabilecek \u015feyler\u201d yan\u0131t\u0131n\u0131 verdi.<\/p>\n<p>Erdo\u011fan, ard\u0131ndan \u015funlar\u0131 kaydetti: \u201cBizim \u00f6ncelikli tabi bu anayasa ve yeni bir kabine anlay\u0131\u015f\u0131yla \u00e7\u0131kmay\u0131 hedefliyoruz. Biz de \u015fu anda devlet ba\u015fkanl\u0131klar\u0131 var. Ve biz ba\u015fbakan yard\u0131mc\u0131l\u0131\u011f\u0131 d\u0131\u015f\u0131nda art\u0131k devlet bakanl\u0131\u011f\u0131 b\u0131rakm\u0131yoruz. Devlet bakanl\u0131klar\u0131n\u0131n tamam\u0131n\u0131 icrac\u0131 bakanl\u0131klar haline getiriyoruz. Ve kabine say\u0131s\u0131n\u0131 belki 20\u2019ye d\u00fc\u015f\u00fcrme gibi bir durumumuz s\u00f6z konusu olacak. Onunla ilgili \u015fu anda se\u00e7imden \u00f6nce kanun h\u00fckm\u00fcnde kararname \u00e7\u0131karmak suretiyle bu ad\u0131m\u0131 s\u00fcratle atal\u0131m istiyoruz. Se\u00e7imden sonra ataca\u011f\u0131m\u0131z ilk ad\u0131mlardan bir tanesi bu olacak ki yeni kabine buna g\u00f6re kurulsun. Yeni bir anayasa s\u00f6z konusu bu anayasan\u0131n i\u00e7erisinde uyum yasalar\u0131 \u00e7er\u00e7evesinde at\u0131lacak ad\u0131mlar var. O bir y\u0131l \u00e7ok dolu dolu ge\u00e7ebilir diye d\u00fc\u015f\u00fcn\u00fcyorum.\u201d<br \/>\nR\u00f6portaj\u0131nda yeni anayasaya ili\u015fkin de\u011ferlendirmelerde de bulunan Erdo\u011fan, \u201cT\u00fcrkiye i\u00e7in yeni anayasa diyorsunuz. Se\u00e7imleri kazan\u0131rsan\u0131z ne zaman meclise sunacaks\u0131n\u0131z?\u201d sorusuna \u015fu yan\u0131t\u0131 verdi: \u201c\u015eu anda biliyorsunuz yo\u011fun bir \u015fekilde, halk\u0131n, sivil toplum kurulu\u015flar\u0131 yo\u011fun bir \u015fekilde yeni bir anayasa yapma \u00e7al\u0131\u015fmalar\u0131 var. Ve baz\u0131 sivil toplum \u00f6rg\u00fctleri tek ba\u015f\u0131na yo\u011fun kat\u0131l\u0131ml\u0131 yeni bir anayasa yapma gayreti i\u00e7indeler. Biz kendimiz \u00e7al\u0131\u015fmam\u0131z\u0131 detayland\u0131r\u0131yoruz. T\u00fcm gayretimiz se\u00e7imin hemen ard\u0131ndan b\u00f6yle bir \u00e7al\u0131\u015fmaya ba\u015flamak, burada parlamento aritmeti\u011fi \u00e7ok \u00f6nemli. Parlamentoda e\u011fer yeni bir anayasan\u0131n yap\u0131m\u0131nda yeni bir anayasa uzla\u015fma komisyonunu g\u00fc\u00e7l\u00fc bir \u015fekilde olu\u015fturabilirsek bu s\u00fcreci h\u0131zland\u0131racakt\u0131r. Yok b\u00f6yle bir \u015feyi ba\u015faram\u0131yor da, referanduma gidebilecek bir \u015fekilde bir tablo ortaya \u00e7\u0131karsa bu da i\u015fimizi kolayla\u015ft\u0131racakt\u0131r. O zaman da daha \u00f6nce 26 maddeyle alakal\u0131 nas\u0131l referanduma gidecek \u015fekilde bir anayasa m\u00fczakeresini nas\u0131l kalk\u0131p da parlamentoda yapt\u0131ysak bu defada bir \u015fekilde yapar\u0131z. Yeni bir anayasa derken A-Z\u2019ye b\u00fct\u00fcn\u00fcyle de\u011fil, \u00e7\u00fcnk\u00fc bir\u00e7ok maddeler var ki bunlar\u0131n art\u0131k de\u011fi\u015fmesin gerek yok. Son olarak yapt\u0131klar\u0131m\u0131z 26 maddeyle ilgili de\u011fi\u015fiklik. Nerelerde nas\u0131l de\u011fi\u015fiklik olacaksa bu konuda s\u00f6yleyecek s\u00f6z\u00fc olanlarla konu\u015faca\u011f\u0131z. Ger\u00e7ekten sivil \u00f6zg\u00fcrl\u00fck\u00e7e, tam manas\u0131yla demokratik, kat\u0131l\u0131mc\u0131 bir anayasay\u0131 haz\u0131rlamay\u0131 hedefliyoruz. Bunu ba\u015farmak istiyoruz. Bir de halk\u0131n kendi dilinde bir anayasa, a\u00e7\u0131p okuyabildi\u011fi bir anayasa. Daha \u00f6zet bir anayasa ile halk\u0131m\u0131z\u0131n kar\u015f\u0131s\u0131na \u00e7\u0131kal\u0131m.\u201d<\/p>\n<p>Erdo\u011fan, 12 Haziran se\u00e7imlerinde y\u00fczde ka\u00e7 oy alacaklar\u0131na ili\u015fkin bir soruya da \u015fu yan\u0131t\u0131 verdi: \u201cBenim bir \u00f6zelli\u011fim var asla rakam telaffuz etmem. Bu benim prensibimdir. Biz her ay muntazam kamuoyu ara\u015ft\u0131rmas\u0131 yapar\u0131z. \u00d6n\u00fcm\u00fcz\u00fc g\u00f6rmek i\u00e7in att\u0131\u011f\u0131m\u0131z bir ad\u0131md\u0131r. Hem kendi durumumuzu g\u00f6relim isteriz hem de \u00fclkede sorunlar yuma\u011f\u0131 ne durumdad\u0131r bunlar\u0131n \u00fczerine devaml\u0131 gideriz. Biz 3 ayr\u0131 \u015firketi \u00e7al\u0131\u015ft\u0131rmak suretiyle 106 bin denek \u00fczerinde kamuoyu ara\u015ft\u0131rmas\u0131 yapt\u0131rd\u0131k. Bunu a\u00e7\u0131klam\u0131\u015f de\u011filim. Bu \u00e7al\u0131\u015fma aday tespitlerinde i\u015fimize \u00e7ok yarayacak. \u00d6n\u00fcm\u00fczdeki haftadan itibaren 10 g\u00fcn yo\u011fun bir \u00e7al\u0131\u015fman\u0131n i\u00e7ine girece\u011fiz. O \u00e7al\u0131\u015fmada a\u00e7aca\u011f\u0131z. Ay\u0131n 15\u2019inde falan da 2023\u2019\u00fc hedefleyen se\u00e7im beyannamemizi a\u00e7\u0131klayaca\u011f\u0131z. Bunun i\u00e7inde halk\u0131m\u0131z i\u00e7in \u00e7ok \u00e7ok \u00f6nemli g\u00f6rd\u00fc\u011f\u00fcm projeler var.\u201d<\/p>\n<!-- Error, Advert is not available at this time due to schedule\/geolocation restrictions! -->\n<!-- Error, Advert is not available at this time due to schedule\/geolocation restrictions! -->\n","protected":false},"excerpt":{"rendered":"<p>Ba\u015fbakan Tayyip Erdo\u011fan, uzun s\u00fcredir g\u00fcndemde olan ba\u015fkanl\u0131k sistemini 12 Haziran se\u00e7imlerinden sonra referanduma sunulabilece\u011fini s\u00f6yledi.<\/p>\n","protected":false},"author":4,"featured_media":64221,"comment_status":"open","ping_status":"open","sticky":false,"template":"","format":"standard","meta":{"_acf_changed":false,"footnotes":""},"categories":[6155,5005,6202,6805],"tags":[3888,60983,65930,65929,1874,24218,195938],"class_list":["post-64219","post","type-post","status-publish","format-standard","has-post-thumbnail","hentry","category-gundem","category-manset","category-politika","category-turkiye","tag-basbakan-erdogan","tag-baskanlik-sistemi","tag-baskanlik-sistemi-referandum","tag-baskanlik-sistemi-referandumu","tag-ingiltere","tag-referandum","tag-turkiye"],"acf":[],"_links":{"self":[{"href":"https:\/\/www.nationalturk.com\/tr\/wp-json\/wp\/v2\/posts\/64219","targetHints":{"allow":["GET"]}}],"collection":[{"href":"https:\/\/www.nationalturk.com\/tr\/wp-json\/wp\/v2\/posts"}],"about":[{"href":"https:\/\/www.nationalturk.com\/tr\/wp-json\/wp\/v2\/types\/post"}],"author":[{"embeddable":true,"href":"https:\/\/www.nationalturk.com\/tr\/wp-json\/wp\/v2\/users\/4"}],"replies":[{"embeddable":true,"href":"https:\/\/www.nationalturk.com\/tr\/wp-json\/wp\/v2\/comments?post=64219"}],"version-history":[{"count":0,"href":"https:\/\/www.nationalturk.com\/tr\/wp-json\/wp\/v2\/posts\/64219\/revisions"}],"wp:featuredmedia":[{"embeddable":true,"href":"https:\/\/www.nationalturk.com\/tr\/wp-json\/wp\/v2\/media\/64221"}],"wp:attachment":[{"href":"https:\/\/www.nationalturk.com\/tr\/wp-json\/wp\/v2\/media?parent=64219"}],"wp:term":[{"taxonomy":"category","embeddable":true,"href":"https:\/\/www.nationalturk.com\/tr\/wp-json\/wp\/v2\/categories?post=64219"},{"taxonomy":"post_tag","embeddable":true,"href":"https:\/\/www.nationalturk.com\/tr\/wp-json\/wp\/v2\/tags?post=64219"}],"curies":[{"name":"wp","href":"https:\/\/api.w.org\/{rel}","templated":true}]}}