{"id":64351,"date":"2011-04-01T16:38:58","date_gmt":"2011-04-01T14:38:58","guid":{"rendered":"http:\/\/www.nationalturk.com\/?p=64351"},"modified":"2011-04-01T16:38:58","modified_gmt":"2011-04-01T14:38:58","slug":"tayfur-havutcu-roberto-hilbert-besiktas-haberleri-64351","status":"publish","type":"post","link":"https:\/\/www.nationalturk.com\/tr\/tayfur-havutcu-roberto-hilbert-besiktas-haberleri-64351\/","title":{"rendered":"Tayfur Havut\u00e7u Hilbert&#8217;i sildi! \/ Be\u015fikta\u015f Haberleri"},"content":{"rendered":"<h1><img loading=\"lazy\" decoding=\"async\" class=\"alignnone size-large wp-image-64352\" title=\"Tayfur Havut\u00e7u\" src=\"http:\/\/www.nationalturk.com\/tr\/wp-content\/uploads\/2011\/04\/tayfur_havutcu_omer_gulen_zafer_bp-610x246.jpg\" alt=\"\" width=\"610\" height=\"246\" srcset=\"https:\/\/www.nationalturk.com\/tr\/wp-content\/uploads\/2011\/04\/tayfur_havutcu_omer_gulen_zafer_bp-610x246.jpg 610w, https:\/\/www.nationalturk.com\/tr\/wp-content\/uploads\/2011\/04\/tayfur_havutcu_omer_gulen_zafer_bp-280x113.jpg 280w, https:\/\/www.nationalturk.com\/tr\/wp-content\/uploads\/2011\/04\/tayfur_havutcu_omer_gulen_zafer_bp.jpg 613w\" sizes=\"auto, (max-width: 610px) 100vw, 610px\" \/><\/h1>\n<h1>Spor Toto S\u00fcper Lig&#8217;de yar\u0131n Sivasspor&#8217;la deplasmanda kar\u015f\u0131la\u015facak olan Be\u015fikta\u015f&#8217;ta teknik direkt\u00f6r Tayfur Havut\u00e7u, Roberto Hilbert&#8217;i yine kadroya almad\u0131. \/ Be\u015fikta\u015f Haberleri&#8230;<\/h1>\n<p>Be\u015fikta\u015f, Sivasspor ma\u00e7\u0131 haz\u0131rl\u0131klar\u0131n\u0131 BJK Nevzat Demir Tesislerinde yapt\u0131\u011f\u0131 antrenmanla tamamlad\u0131. Siyah beyazl\u0131larda sakatl\u0131\u011f\u0131 devam eden Guti ve Ersan G\u00fcl\u00fcm kat\u0131lmazken Onur Bayramo\u011flu sadece ko\u015fu yapt\u0131.<\/p>\n<p>Be\u015fikta\u015f teknik direkt\u00f6r\u00fc Tayfur Havut\u00e7u, Kayserispor ma\u00e7\u0131nda oldu\u011fu gibi Roberto Hilbert&#8217;i yine kadroya almad\u0131. Gen\u00e7 teknik adam Kayserispor ma\u00e7\u0131 kadrosuna almad\u0131\u011f\u0131 Tomas Sivok&#8217;u ise bu sefer kadroya dahil etti. Be\u015fikta\u015f&#8217;\u0131n Sivasspor ma\u00e7\u0131 kadrosunda Guti, Ersan ve Hilbert&#8217;in yan\u0131s\u0131ra tedavisi s\u00fcren R\u00fc\u015ft\u00fc Re\u00e7ber ile sar\u0131 kart cezal\u0131s\u0131 olan Necip Uysal yer alm\u0131yor.<\/p>\n<p>Be\u015fikta\u015f&#8217;\u0131n Sivasspor ma\u00e7\u0131 kafilesi \u015f\u00f6yle;<\/p>\n<p>Hakan Ar\u0131kan, Cenk G\u00f6nen, \u0130brahim Toraman, Erhan G\u00fcven, \u0130smail K\u00f6yba\u015f\u0131, Do\u011fukan Pala, Matteo Ferrari, Ekrem Da\u011f, Tomas Sivok, Mehmet Aurelio, Manuel Fernandes, Fabian Ernst, Nihat Kahveci, Mert Nobre, Simao Sabrosa, Bobo, Ricardo Quaresma, Hugo Almeida.<\/p>\n<!-- Error, Advert is not available at this time due to schedule\/geolocation restrictions! -->\n<!-- Error, Advert is not available at this time due to schedule\/geolocation restrictions! -->\n","protected":false},"excerpt":{"rendered":"<p>Spor Toto S\u00fcper Lig&#8217;de yar\u0131n Sivasspor&#8217;la deplasmanda kar\u015f\u0131la\u015facak olan Be\u015fikta\u015f&#8217;ta teknik direkt\u00f6r Tayfur Havut\u00e7u, Roberto Hilbert&#8217;i yine kadroya almad\u0131. \/ Be\u015fikta\u015f Haberleri&#8230;<\/p>\n","protected":false},"author":4,"featured_media":64352,"comment_status":"open","ping_status":"open","sticky":false,"template":"","format":"standard","meta":{"_acf_changed":false,"footnotes":""},"categories":[6774,5005,6194],"tags":[1748,63333,61732,28796,33299],"class_list":["post-64351","post","type-post","status-publish","format-standard","has-post-thumbnail","hentry","category-futbol","category-manset","category-spor","tag-besiktas","tag-besiktas-kadro","tag-bjk-haber","tag-roberto-hilbert","tag-tayfur-havutcu"],"acf":[],"_links":{"self":[{"href":"https:\/\/www.nationalturk.com\/tr\/wp-json\/wp\/v2\/posts\/64351","targetHints":{"allow":["GET"]}}],"collection":[{"href":"https:\/\/www.nationalturk.com\/tr\/wp-json\/wp\/v2\/posts"}],"about":[{"href":"https:\/\/www.nationalturk.com\/tr\/wp-json\/wp\/v2\/types\/post"}],"author":[{"embeddable":true,"href":"https:\/\/www.nationalturk.com\/tr\/wp-json\/wp\/v2\/users\/4"}],"replies":[{"embeddable":true,"href":"https:\/\/www.nationalturk.com\/tr\/wp-json\/wp\/v2\/comments?post=64351"}],"version-history":[{"count":0,"href":"https:\/\/www.nationalturk.com\/tr\/wp-json\/wp\/v2\/posts\/64351\/revisions"}],"wp:featuredmedia":[{"embeddable":true,"href":"https:\/\/www.nationalturk.com\/tr\/wp-json\/wp\/v2\/media\/64352"}],"wp:attachment":[{"href":"https:\/\/www.nationalturk.com\/tr\/wp-json\/wp\/v2\/media?parent=64351"}],"wp:term":[{"taxonomy":"category","embeddable":true,"href":"https:\/\/www.nationalturk.com\/tr\/wp-json\/wp\/v2\/categories?post=64351"},{"taxonomy":"post_tag","embeddable":true,"href":"https:\/\/www.nationalturk.com\/tr\/wp-json\/wp\/v2\/tags?post=64351"}],"curies":[{"name":"wp","href":"https:\/\/api.w.org\/{rel}","templated":true}]}}