{"id":64472,"date":"2011-04-04T14:36:13","date_gmt":"2011-04-04T12:36:13","guid":{"rendered":"http:\/\/www.nationalturk.com\/?p=64472"},"modified":"2011-04-04T22:20:00","modified_gmt":"2011-04-04T20:20:00","slug":"ugur-gedik-ismail-unal-sorusturma-cifte-maas-64472","status":"publish","type":"post","link":"https:\/\/www.nationalturk.com\/tr\/ugur-gedik-ismail-unal-sorusturma-cifte-maas-64472\/","title":{"rendered":"\u015eok! Be\u015fikta\u015f Belediye Ba\u015fkan\u0131 \u0130smail \u00dcnal&#8217;a soru\u015fturma a\u00e7\u0131l\u0131yor"},"content":{"rendered":"<h1><img loading=\"lazy\" decoding=\"async\" class=\"alignnone size-large wp-image-64473\" title=\"U\u011fur Gedik\" src=\"http:\/\/www.nationalturk.com\/tr\/wp-content\/uploads\/2011\/04\/ugur__gedik-610x338.jpg\" alt=\"\" width=\"610\" height=\"338\" srcset=\"https:\/\/www.nationalturk.com\/tr\/wp-content\/uploads\/2011\/04\/ugur__gedik-610x338.jpg 610w, https:\/\/www.nationalturk.com\/tr\/wp-content\/uploads\/2011\/04\/ugur__gedik-280x155.jpg 280w, https:\/\/www.nationalturk.com\/tr\/wp-content\/uploads\/2011\/04\/ugur__gedik.jpg 630w\" sizes=\"auto, (max-width: 610px) 100vw, 610px\" \/><\/h1>\n<h1>Be\u015fikta\u015f Belediye Ba\u015fkan\u0131 \u0130smail \u00dcnal hakk\u0131nda, CHP \u0130l\u00e7e Ba\u015fkan\u0131 U\u011fur Gedik&#8217;e Belta\u015f A.\u015e.&#8217;de \u00e7ifte maa\u015f ba\u011flad\u0131\u011f\u0131 iddias\u0131yla soru\u015fturma a\u00e7\u0131l\u0131yor.<\/h1>\n<p>\u0130smail \u00dcnal, CHP&#8217;nin Be\u015fikta\u015f&#8217;taki mevcut \u0130l\u00e7e Ba\u015fkan\u0131 U\u011fur Gedik&#8217;e, 2004-2007 y\u0131llar\u0131 aras\u0131nda belediyenin hissedar\u0131 oldu\u011fu Belta\u015f A\u015e&#8217;de \u00e7ifte maa\u015f ba\u011flamakla su\u00e7lan\u0131yor.<\/p>\n<p>O d\u00f6nemde Belta\u015f Y\u00f6netim Kurulu \u00fcyesi olarak g\u00f6rev yapan Gedik, iddiaya g\u00f6re ayn\u0131 \u015firkette i\u015f\u00e7i kadrosunda da yer alarak 5 y\u0131l boyunca \u00e7ift maa\u015f ald\u0131. \u0130ddialar\u0131n sahibi olan Be\u015fikta\u015f Belediyesi eski Zab\u0131ta M\u00fcd\u00fcr\u00fc Faik As\u0131m Kanto\u011flu ve eski CHP Be\u015fikta\u015f \u0130l\u00e7e Sekreteri Atilla Aksel, ilgililer hakk\u0131nda su\u00e7 duyurusunda bulundu.<\/p>\n<p><img loading=\"lazy\" decoding=\"async\" class=\"alignleft size-medium wp-image-64513\" title=\"\u0130smail \u00dcnal\" src=\"http:\/\/www.nationalturk.com\/tr\/wp-content\/uploads\/2011\/04\/ismail_unal_chp-280x210.jpg\" alt=\"\" width=\"280\" height=\"210\" srcset=\"https:\/\/www.nationalturk.com\/tr\/wp-content\/uploads\/2011\/04\/ismail_unal_chp-280x210.jpg 280w, https:\/\/www.nationalturk.com\/tr\/wp-content\/uploads\/2011\/04\/ismail_unal_chp-533x400.jpg 533w, https:\/\/www.nationalturk.com\/tr\/wp-content\/uploads\/2011\/04\/ismail_unal_chp.jpg 800w\" sizes=\"auto, (max-width: 280px) 100vw, 280px\" \/>\u0130\u00e7i\u015fleri Bakanl\u0131\u011f\u0131&#8217;n\u0131n Be\u015fikta\u015f Belediye Ba\u015fkan\u0131 \u0130smail \u00dcnal hakk\u0131nda soru\u015fturma izni vermemesinin ard\u0131ndan Kanto\u011flu ve Aksel, konuyu Dan\u0131\u015ftay&#8217;a ta\u015f\u0131d\u0131.<\/p>\n<p>Dan\u0131\u015ftay 1. Dairesi ise konuyu delilleriyle inceledikten sonra \u015fikayetin i\u015fleme konularak soru\u015fturma a\u00e7\u0131lmas\u0131n\u0131 istedi.<\/p>\n<p>Be\u015fikta\u015f Belediye Ba\u015fkan\u0131 \u0130smail \u00dcnal ile Belta\u015f y\u00f6neticileri G\u00f6khan Sar\u0131 ve Mustafa Uygun&#8217;un soru\u015fturulmas\u0131 y\u00f6n\u00fcndeki karar\u0131n\u0131, \u0130stanbul Cumhuriyet Ba\u015fsavc\u0131l\u0131\u011f\u0131&#8217;na iletilmek \u00fczere \u0130\u00e7i\u015fleri Bakanl\u0131\u011f\u0131&#8217;na g\u00f6nderdi.<\/p>\n<p>Belta\u015f&#8217;\u0131n o d\u00f6nemdeki \u00fccret bordrosuna g\u00f6re U\u011fur Gedik&#8217;e kesintiler yap\u0131ld\u0131ktan sonra ayl\u0131k net 2 bin TL maa\u015f \u00f6denmi\u015f.<\/p>\n<p>\u0130lk inceleme d\u00f6neminde \u0130\u00e7i\u015fleri Bakanl\u0131\u011f\u0131 m\u00fcfetti\u015fine ifade veren Belta\u015f muhasebe eleman\u0131 E.B. de iddialar\u0131 do\u011frulad\u0131. E.B., U\u011fur Gedik&#8217;in i\u015f\u00e7i stat\u00fcs\u00fcyle maa\u015f ald\u0131\u011f\u0131n\u0131 teyit etti.<\/p>\n<p>Dan\u0131\u015ftay&#8217;\u0131n \u0130smail \u00dcnal ve ekibiyle ilgili soru\u015fturulmas\u0131n\u0131 istedi\u011fi bir ba\u015fka konu da Belta\u015f E\u011fitim K\u00fclt\u00fcr Hizmet ve Sosyal Yard\u0131m Vakf\u0131 ile ilgili iddialar.<\/p>\n<p>Vakf\u0131n d\u00f6ner sermaye ticaret ve sanayi i\u015fletmesine 395 ki\u015fi al\u0131nmas\u0131na ra\u011fmen 450 ki\u015fiye maa\u015f \u00f6dedi\u011fi \u00f6ne s\u00fcr\u00fcl\u00fcyor. Mahkeme bu konunun soru\u015fturulmas\u0131 i\u00e7in de bakanl\u0131\u011fa karar yaz\u0131s\u0131 g\u00f6nderdi.<\/p>\n<p><strong>Kaynak: Zaman<\/strong><\/p>\n<!-- Error, Advert is not available at this time due to schedule\/geolocation restrictions! -->\n<span style=\"font-weight: bold; color: #f00;\">Error, group does not exist! Check your syntax! (ID: 65)<\/span>\n","protected":false},"excerpt":{"rendered":"<p>Be\u015fikta\u015f Belediye Ba\u015fkan\u0131 \u0130smail \u00dcnal hakk\u0131nda, CHP \u0130l\u00e7e Ba\u015fkan\u0131 U\u011fur Gedik&#8217;e Belta\u015f A.\u015e.&#8217;de \u00e7ifte maa\u015f ba\u011flad\u0131\u011f\u0131 iddias\u0131yla soru\u015fturma a\u00e7\u0131l\u0131yor.<\/p>\n","protected":false},"author":4,"featured_media":64520,"comment_status":"open","ping_status":"open","sticky":false,"template":"","format":"standard","meta":{"_acf_changed":false,"footnotes":""},"categories":[6155,5005,6202,349,6805],"tags":[22335,66170,66171,20275,2268,62070,10894],"class_list":["post-64472","post","type-post","status-publish","format-standard","has-post-thumbnail","hentry","category-gundem","category-manset","category-politika","category-son-dakika","category-turkiye","tag-asim-kantoglu","tag-atilla-aksel","tag-beltas","tag-besiktas-belediyesi","tag-ismail-unal","tag-ismail-unal-sorusturma","tag-ugur-gedik"],"acf":[],"_links":{"self":[{"href":"https:\/\/www.nationalturk.com\/tr\/wp-json\/wp\/v2\/posts\/64472","targetHints":{"allow":["GET"]}}],"collection":[{"href":"https:\/\/www.nationalturk.com\/tr\/wp-json\/wp\/v2\/posts"}],"about":[{"href":"https:\/\/www.nationalturk.com\/tr\/wp-json\/wp\/v2\/types\/post"}],"author":[{"embeddable":true,"href":"https:\/\/www.nationalturk.com\/tr\/wp-json\/wp\/v2\/users\/4"}],"replies":[{"embeddable":true,"href":"https:\/\/www.nationalturk.com\/tr\/wp-json\/wp\/v2\/comments?post=64472"}],"version-history":[{"count":0,"href":"https:\/\/www.nationalturk.com\/tr\/wp-json\/wp\/v2\/posts\/64472\/revisions"}],"wp:featuredmedia":[{"embeddable":true,"href":"https:\/\/www.nationalturk.com\/tr\/wp-json\/wp\/v2\/media\/64520"}],"wp:attachment":[{"href":"https:\/\/www.nationalturk.com\/tr\/wp-json\/wp\/v2\/media?parent=64472"}],"wp:term":[{"taxonomy":"category","embeddable":true,"href":"https:\/\/www.nationalturk.com\/tr\/wp-json\/wp\/v2\/categories?post=64472"},{"taxonomy":"post_tag","embeddable":true,"href":"https:\/\/www.nationalturk.com\/tr\/wp-json\/wp\/v2\/tags?post=64472"}],"curies":[{"name":"wp","href":"https:\/\/api.w.org\/{rel}","templated":true}]}}