{"id":64664,"date":"2011-04-06T08:40:47","date_gmt":"2011-04-06T06:40:47","guid":{"rendered":"http:\/\/www.nationalturk.com\/?p=64664"},"modified":"2011-04-06T08:40:47","modified_gmt":"2011-04-06T06:40:47","slug":"ibrahim-tatlises-almanya-tedavi-64664","status":"publish","type":"post","link":"https:\/\/www.nationalturk.com\/tr\/ibrahim-tatlises-almanya-tedavi-64664\/","title":{"rendered":"\u0130brahim Tatl\u0131ses tedavi i\u00e7in Almanya&#8217;ya g\u00f6t\u00fcr\u00fcld\u00fc"},"content":{"rendered":"<h1><img loading=\"lazy\" decoding=\"async\" class=\"alignnone size-full wp-image-64665\" title=\"\u0130brahim Tatl\u0131ses Almanya&#039;ya g\u00f6t\u00fcr\u00fcld\u00fc\" src=\"http:\/\/www.nationalturk.com\/tr\/wp-content\/uploads\/2011\/04\/tatlises_ambulans_ucak.jpg\" alt=\"\" width=\"610\" height=\"375\"><\/h1>\n<h1>U\u011frad\u0131\u011f\u0131 silahl\u0131 sald\u0131r\u0131 sonucu mucizevi bir \u015fekilde hayata tutunan sanat\u00e7\u0131 \u0130brahim Tatl\u0131ses, tedavi i\u00e7in Almanya&#8217;ya g\u00f6t\u00fcr\u00fcld\u00fc. \u0130brahim Tatl\u0131ses son dakika haberleri&#8230;<\/h1>\n<p>\u0130brahim Tatl\u0131ses, saat 05.00 s\u0131ralar\u0131nda \u00f6zel bir ambulansla \u00e7ok say\u0131da resmi ve sivil polis arac\u0131n\u0131n refakatinde Atat\u00fcrk Havaliman\u0131&#8217;na g\u00f6t\u00fcr\u00fcld\u00fc. \u00d6nce sedyeye al\u0131nan \u0130brahim Tatl\u0131ses daha sonra Sa\u011fl\u0131k Bakanl\u0131\u011f\u0131\u2019na ait u\u00e7a\u011fa bindirildi. U\u00e7ak saat 06.00\u2019da hareket etti. Tatl\u0131ses\u2019in Almanya\u2019ya g\u00f6t\u00fcr\u00fclece\u011fi ve tedavisinin burada s\u00fcrece\u011fi \u00f6\u011frenildi. Bu arada Tatl\u0131ses\u2019in yak\u0131nlar\u0131 ve o\u011flu \u0130do da havaliman\u0131na geldi.<\/p>\n<!-- Error, Advert is not available at this time due to schedule\/geolocation restrictions! -->\n","protected":false},"excerpt":{"rendered":"<p>U\u011frad\u0131\u011f\u0131 silahl\u0131 sald\u0131r\u0131 sonucu mucizevi bir \u015fekilde hayata tutunan sanat\u00e7\u0131 \u0130brahim Tatl\u0131ses, tedavi i\u00e7in Almanya&#8217;ya g\u00f6t\u00fcr\u00fcld\u00fc. \u0130brahim Tatl\u0131ses son dakika haberleri&#8230;<\/p>\n","protected":false},"author":4,"featured_media":64665,"comment_status":"open","ping_status":"open","sticky":false,"template":"","format":"standard","meta":{"_acf_changed":false,"footnotes":""},"categories":[6232,5005,349,6805],"tags":[2174,1919,64616],"class_list":["post-64664","post","type-post","status-publish","format-standard","has-post-thumbnail","hentry","category-magazin","category-manset","category-son-dakika","category-turkiye","tag-almanya","tag-ibrahim-tatlises","tag-ibrahim-tatlises-son-dakika"],"acf":[],"_links":{"self":[{"href":"https:\/\/www.nationalturk.com\/tr\/wp-json\/wp\/v2\/posts\/64664","targetHints":{"allow":["GET"]}}],"collection":[{"href":"https:\/\/www.nationalturk.com\/tr\/wp-json\/wp\/v2\/posts"}],"about":[{"href":"https:\/\/www.nationalturk.com\/tr\/wp-json\/wp\/v2\/types\/post"}],"author":[{"embeddable":true,"href":"https:\/\/www.nationalturk.com\/tr\/wp-json\/wp\/v2\/users\/4"}],"replies":[{"embeddable":true,"href":"https:\/\/www.nationalturk.com\/tr\/wp-json\/wp\/v2\/comments?post=64664"}],"version-history":[{"count":0,"href":"https:\/\/www.nationalturk.com\/tr\/wp-json\/wp\/v2\/posts\/64664\/revisions"}],"wp:featuredmedia":[{"embeddable":true,"href":"https:\/\/www.nationalturk.com\/tr\/wp-json\/wp\/v2\/media\/64665"}],"wp:attachment":[{"href":"https:\/\/www.nationalturk.com\/tr\/wp-json\/wp\/v2\/media?parent=64664"}],"wp:term":[{"taxonomy":"category","embeddable":true,"href":"https:\/\/www.nationalturk.com\/tr\/wp-json\/wp\/v2\/categories?post=64664"},{"taxonomy":"post_tag","embeddable":true,"href":"https:\/\/www.nationalturk.com\/tr\/wp-json\/wp\/v2\/tags?post=64664"}],"curies":[{"name":"wp","href":"https:\/\/api.w.org\/{rel}","templated":true}]}}