{"id":64986,"date":"2011-04-08T17:12:51","date_gmt":"2011-04-08T15:12:51","guid":{"rendered":"http:\/\/www.nationalturk.com\/?p=64986"},"modified":"2022-08-26T13:05:07","modified_gmt":"2022-08-26T10:05:07","slug":"besiktas-hurriyet-gazetesi-ismail-er-yalan-haber-64986","status":"publish","type":"post","link":"https:\/\/www.nationalturk.com\/tr\/besiktas-hurriyet-gazetesi-ismail-er-yalan-haber-64986\/","title":{"rendered":"\u0130smail Er &#8216;den Be\u015fikta\u015f &#8216;a cevap; H\u00fcrriyet Gazetesi yalan haber yapmaz"},"content":{"rendered":"<h1><img loading=\"lazy\" decoding=\"async\" class=\"alignnone size-full wp-image-65012\" title=\"\u0130smail Er Demir\u00f6renler\" src=\"http:\/\/www.nationalturk.com\/tr\/wp-content\/uploads\/2011\/04\/ismail-er-demirorenler.jpg\" alt=\"\" width=\"610\" height=\"328\" srcset=\"https:\/\/www.nationalturk.com\/tr\/wp-content\/uploads\/2011\/04\/ismail-er-demirorenler.jpg 610w, https:\/\/www.nationalturk.com\/tr\/wp-content\/uploads\/2011\/04\/ismail-er-demirorenler-280x150.jpg 280w\" sizes=\"auto, (max-width: 610px) 100vw, 610px\" \/><\/h1>\n<p><span style=\"font-size: 26px; font-weight: bold;\">D\u00fcn H\u00fcrriyet Gazetesi &#8216;nde \u0130smail Er imzas\u0131yla yay\u0131nlanan &#8220;Y\u0131ld\u0131r\u0131m Demir\u00f6ren \u2019in babas\u0131 Erdo\u011fan Demir\u00f6ren devre aras\u0131nda soyunma odas\u0131na indi&#8221; haberine bug\u00fcn Be\u015fikta\u015f Kul\u00fcb\u00fc &#8216;nden yalanlama gelmi\u015fti.<\/span><\/p>\n<p>H\u00fcrriyet Gazetesi ve \u0130smail Er &#8216;in haberini Be\u015fikta\u015f Kul\u00fcb\u00fc &#8216;n\u00fcn tekzibinden sonra\u00a0Biz de NationalTurk olarak \u0130smail Er &#8216;e ula\u015ft\u0131k ve konuyla ilgili g\u00f6r\u00fc\u015flerini ald\u0131k.<\/p>\n<p>Telefonla g\u00f6r\u00fc\u015ft\u00fc\u011f\u00fcm\u00fcz \u0130smail Er, &#8220;Gazetemde benim imzam ile \u00e7\u0131kan haber sonuna kadar do\u011frudur. Ancak ne hikmetse Be\u015fikta\u015f Ba\u015fkan\u0131 Y\u0131ld\u0131r\u0131m Demir\u00f6ren ve y\u00f6netim kurulu inkar ediyor ve kul\u00fcb\u00fcn resmi internet sitesinde yalanma yay\u0131nl\u0131yorlar. \u00c7al\u0131\u015fmakta oldu\u011fum H\u00fcrriyet Gazetesi &#8216;nde hi\u00e7bir zaman yalan ve asparagas haber yay\u0131mlanmam\u0131\u015ft\u0131r. Bu yalanlamay\u0131 yar\u0131n yapaca\u011f\u0131m haberle tekzip edece\u011fim&#8221; dedi.<\/p>\n<!-- Error, Advert is not available at this time due to schedule\/geolocation restrictions! -->\n<span style=\"font-weight: bold; color: #f00;\">Error, group does not exist! Check your syntax! (ID: 53)<\/span>\n<p>&nbsp;<\/p>\n<p>&nbsp;<\/p>\n","protected":false},"excerpt":{"rendered":"<p>H\u00fcrriyet Gazetesi&#8217;nde \u0130smail Er imzas\u0131yla yay\u0131nlanan habere bug\u00fcn Be\u015fikta\u015f Kul\u00fcb\u00fc&#8217;nden yalanlama gelmi\u015fti. Er&#8217;de bu yalanlamay\u0131 cevaplad\u0131.<\/p>\n","protected":false},"author":28,"featured_media":65012,"comment_status":"open","ping_status":"open","sticky":false,"template":"","format":"standard","meta":{"_acf_changed":false,"footnotes":""},"categories":[6774,6155,5005,6667,6194],"tags":[1748,5158,66501,66497,18601,66499,10061,2269],"class_list":["post-64986","post","type-post","status-publish","format-standard","has-post-thumbnail","hentry","category-futbol","category-gundem","category-manset","category-medya","category-spor","tag-besiktas","tag-besiktas-yonetimi","tag-devre-arasi","tag-erdogan-demiroren","tag-hurriyet-gazetesi","tag-ismail-er","tag-nationalturk","tag-yildirim-demiroren"],"acf":[],"_links":{"self":[{"href":"https:\/\/www.nationalturk.com\/tr\/wp-json\/wp\/v2\/posts\/64986","targetHints":{"allow":["GET"]}}],"collection":[{"href":"https:\/\/www.nationalturk.com\/tr\/wp-json\/wp\/v2\/posts"}],"about":[{"href":"https:\/\/www.nationalturk.com\/tr\/wp-json\/wp\/v2\/types\/post"}],"author":[{"embeddable":true,"href":"https:\/\/www.nationalturk.com\/tr\/wp-json\/wp\/v2\/users\/28"}],"replies":[{"embeddable":true,"href":"https:\/\/www.nationalturk.com\/tr\/wp-json\/wp\/v2\/comments?post=64986"}],"version-history":[{"count":0,"href":"https:\/\/www.nationalturk.com\/tr\/wp-json\/wp\/v2\/posts\/64986\/revisions"}],"wp:featuredmedia":[{"embeddable":true,"href":"https:\/\/www.nationalturk.com\/tr\/wp-json\/wp\/v2\/media\/65012"}],"wp:attachment":[{"href":"https:\/\/www.nationalturk.com\/tr\/wp-json\/wp\/v2\/media?parent=64986"}],"wp:term":[{"taxonomy":"category","embeddable":true,"href":"https:\/\/www.nationalturk.com\/tr\/wp-json\/wp\/v2\/categories?post=64986"},{"taxonomy":"post_tag","embeddable":true,"href":"https:\/\/www.nationalturk.com\/tr\/wp-json\/wp\/v2\/tags?post=64986"}],"curies":[{"name":"wp","href":"https:\/\/api.w.org\/{rel}","templated":true}]}}