{"id":6525,"date":"2009-10-11T08:43:42","date_gmt":"2009-10-11T05:43:42","guid":{"rendered":"http:\/\/www.nationalturk.com\/?p=6525"},"modified":"2022-09-10T12:50:52","modified_gmt":"2022-09-10T09:50:52","slug":"altin-portakal-cem-ozer-timucin-esen","status":"publish","type":"post","link":"https:\/\/www.nationalturk.com\/tr\/altin-portakal-cem-ozer-timucin-esen\/","title":{"rendered":"Alt\u0131n Portakal olayl\u0131 ba\u015flad\u0131"},"content":{"rendered":"<p>Alt\u0131n Portakal Festivalinde t\u00f6rene kat\u0131lanlar yola d\u00f6\u015fenen k\u0131rm\u0131z\u0131 hal\u0131dan ge\u00e7erek salona girdi. Festivalde bu y\u0131l j\u00fcri \u00fcyeli\u011fi yapacak olan Nurg\u00fcl Ye\u015fil\u00e7ay a\u00e7\u0131l\u0131\u015f t\u00f6renine e\u015fi Cem \u00d6zer ile birlikte kat\u0131ld\u0131.<\/p>\n<p>Her iki sanat\u00e7\u0131n\u0131n da kolunda siyah kurdele olmas\u0131 dikkat \u00e7ekti. Bu durumu fark eden bas\u0131n mensuplar\u0131 bunun sebebini sorunca iki oyuncu Timu\u00e7in Esen&#8217;in ya\u015fad\u0131klar\u0131n\u0131 protesto ettiklerini s\u00f6yledi. Bunun \u00fczerine magazinciler, kamera ve mikrofonlar\u0131n\u0131 yere b\u0131rakarak \u00e7ifte tepki g\u00f6sterdi.<\/p>\n<h1>Alt\u0131n Portakal&#8217;\u0131 Halit K\u0131van\u00e7 Sundu<\/h1>\n<p>Sunuculu\u011funu Halit K\u0131van\u00e7 ile Nehir Erdo\u011fan&#8217;\u0131n yapt\u0131\u011f\u0131 gecede konu\u015fan Antalya B\u00fcy\u00fck\u015fehir Belediye Ba\u015fkan\u0131, Antalya halk\u0131n\u0131n kalbinin Cam Piramit&#8217;te artt\u0131\u011f\u0131n\u0131 dile getirerek, &#8220;Sizleri her sene bu co\u015fkuyla aram\u0131zda g\u00f6rmek istiyoruz. Alt\u0131n Portakal&#8217;\u0131 bug\u00fcnlere getirenlere te\u015fekk\u00fcr ediyorum.&#8221; dedi.<\/p>\n<p>Vali Alaaddin Y\u00fcksel de yapt\u0131\u011f\u0131 konu\u015fmada Antalya&#8217;n\u0131n bug\u00fcne kadar bir \u00e7ok medeniyete ev sahipli\u011fi yapt\u0131\u011f\u0131n\u0131 belirterek, &#8220;Likya&#8217;dan Osmanl\u0131&#8217;ya bu topraklarda hep bar\u0131\u015f r\u00fczgarlar\u0131 esmi\u015ftir. Antalya tarihin kendisine y\u00fckledi\u011fi misyonu yerine getirerek d\u00fcnya bar\u0131\u015f\u0131na ev sahipli\u011fi yap\u0131yor.&#8221; diye konu\u015ftu.<\/p>\n<p>Gecede 60&#8217;l\u0131 y\u0131llar\u0131n filmlerinden kesitler sunuldu. Ard\u0131ndan o y\u0131llar\u0131n \u00fcnl\u00fc oyuncular\u0131 sahneye davet edildi. E\u015fref Kol\u00e7ak, Suzan Avc\u0131, G\u00f6n\u00fcl Yazar, Nil\u00fcfer Aydan, Tanju G\u00fcrsu, Devlet Devrim, Ediz Hun, Mine Soley, Salih G\u00fcney, Parla \u015eenol, \u0130zzet G\u00fcnay, Ekrem Bora, Suna Selen, Tijen Par, Yusuf Sezgin, S\u00fcleyman Turan, Kuzey Varg\u0131n, Fatma Karanfil, Engin \u00c7a\u011flar, Selma G\u00fcneri ve Halit Ak\u00e7atepe sahneye davet edilen isimler aras\u0131nda yer ald\u0131.<\/p>\n<h2>\u0130zzet G\u00fcnay: &#8220;Alt\u0131n Portakal Film Festivali beni hep heyecanland\u0131r\u0131yor.&#8221;<\/h2>\n<p>\u0130zzet G\u00fcnay, Antalya&#8217;n\u0131n ve Alt\u0131n Portakal Film Festivali&#8217;nin kendisini hep heyecanland\u0131rd\u0131\u011f\u0131n\u0131 s\u00f6yleyerek, &#8220;46 y\u0131l \u00f6nce buradayd\u0131m. S\u00f6z veriyorum 50.y\u0131lda da burada olaca\u011f\u0131m.&#8221; dedi.<\/p>\n<p>E\u015fref Kol\u00e7ak, T\u00fcrk sinemas\u0131n\u0131 yeniden canland\u0131ranlara te\u015fekk\u00fcr etti. Ediz Hun, 60&#8217;l\u0131 ve 70&#8217;li y\u0131llarda ayn\u0131 seti payla\u015ft\u0131\u011f\u0131 arkada\u015flar\u0131yla bir arada olmaktan duydu\u011fu mutlulu\u011fu dile getirdi. S\u00fcleyman Turan da &#8220;Sizlerin kar\u015f\u0131s\u0131nda hala ayn\u0131 heyecanla duruyorum. Hala ayaklar\u0131m titriyor. 46 y\u0131ld\u0131r bu i\u015fte de\u011fil de ge\u00e7en hafta cumartesi ba\u015flam\u0131\u015f gibi hissediyorum.&#8221; diye konu\u015ftu. Salih G\u00fcney ise festival ba\u015flamadan birka\u00e7 g\u00fcn \u00f6nce Alt\u0131n Portakal&#8217;\u0131n simgesi olan Ven\u00fcs heykelinin yak\u0131lmas\u0131n\u0131 k\u0131nad\u0131.<\/p>\n<p>Gece Melahat G\u00fcrses&#8217;in,Opera Pera e\u015fli\u011finde s\u00f6yledi\u011fi \u015fark\u0131larla renklendi. 46. Uluslararas\u0131 Antalya Alt\u0131n Portakal Film Festivali&#8217;nin a\u00e7\u0131l\u0131\u015f\u0131na K\u00fclt\u00fcr ve Turizm Bakan\u0131 Ertu\u011frul G\u00fcnay&#8217;\u0131 temsilen m\u00fcste\u015far yard\u0131mc\u0131s\u0131 Nihat G\u00fcl, Antalya Valisi Alaaddin Y\u00fcksel, Antalya B\u00fcy\u00fck\u015fehir Belediye Ba\u015fkan\u0131 Mustafa Akayd\u0131n, Telif Haklar\u0131 ve Sinema Genel M\u00fcd\u00fcr\u00fc Abdurrahman \u00c7elik, festivalin sanat y\u00f6netmeni Vecdi Sayar&#8217;\u0131n yan\u0131 s\u0131ra Tar\u0131k Akan, M\u00fcjde Ar,Yavuz Bing\u00f6l, Eylem \u015eenkal, \u015eevkat \u00c7oruh, Mustafa Alt\u0131oklar gibi \u00fcnl\u00fcler ve \u00e7ok say\u0131da davetli kat\u0131ld\u0131.<\/p>\n","protected":false},"excerpt":{"rendered":"<p>Alt\u0131n Portakal Festivalinde bu y\u0131l j\u00fcri \u00fcyeli\u011fi yapacak olan Nurg\u00fcl Ye\u015fil\u00e7ay a\u00e7\u0131l\u0131\u015f t\u00f6renine e\u015fi Cem \u00d6zer ile birlikte kat\u0131ld\u0131.<\/p>\n","protected":false},"author":6,"featured_media":42146,"comment_status":"open","ping_status":"open","sticky":false,"template":"","format":"standard","meta":{"_acf_changed":false,"footnotes":""},"categories":[6666,6232,349],"tags":[5995,5996,5998,835,6008,6009,6014,6021,6003,6030,6020,6005,6023,4335,6013,6019,6010,6028,6001,6032,5997,6006,836,6012,6000,6011,6025,6022,6031,6024,6018,6015,6004,6007,6027,6016,6002,5999,6026,6029,6017],"class_list":["post-6525","post","type-post","status-publish","format-standard","has-post-thumbnail","hentry","category-etkinlikler","category-magazin","category-son-dakika","tag-altin-portakal","tag-altin-portakal-olay","tag-antalya-buyuksehir-belediye-baskani","tag-cem-ozer","tag-devlet-devrim","tag-ediz-hun","tag-ekrem-bora","tag-engin-caglar","tag-esref-kolcak","tag-eylem-senkal","tag-fatma-karanfil","tag-gonul-yazar","tag-halit-akcatepe","tag-halit-kivanc","tag-izzet-gunay","tag-kuzey-vargin","tag-mine-soley","tag-mujde-ar","tag-mustafa-akaydin","tag-mustafa-altioklar","tag-nehir-erdogan","tag-nilufer-aydan","tag-nurgul-yesilcay","tag-parla-senol","tag-prof-dr-mustafa-akaydin","tag-salih-guney","tag-sanat-yonetmeni","tag-selma-guneri","tag-sevkat-coruh","tag-sinema-genel-muduru-abdurrahman-celik","tag-suleyman-turan","tag-suna-selen","tag-suzan-avci","tag-tanju-gursu","tag-tarik-akan","tag-tijen-par","tag-timucin-esen","tag-vali-alaaddin-yuksel","tag-vecdi-sayar","tag-yavuz-bingol","tag-yusuf-sezgin"],"acf":[],"_links":{"self":[{"href":"https:\/\/www.nationalturk.com\/tr\/wp-json\/wp\/v2\/posts\/6525","targetHints":{"allow":["GET"]}}],"collection":[{"href":"https:\/\/www.nationalturk.com\/tr\/wp-json\/wp\/v2\/posts"}],"about":[{"href":"https:\/\/www.nationalturk.com\/tr\/wp-json\/wp\/v2\/types\/post"}],"author":[{"embeddable":true,"href":"https:\/\/www.nationalturk.com\/tr\/wp-json\/wp\/v2\/users\/6"}],"replies":[{"embeddable":true,"href":"https:\/\/www.nationalturk.com\/tr\/wp-json\/wp\/v2\/comments?post=6525"}],"version-history":[{"count":0,"href":"https:\/\/www.nationalturk.com\/tr\/wp-json\/wp\/v2\/posts\/6525\/revisions"}],"wp:featuredmedia":[{"embeddable":true,"href":"https:\/\/www.nationalturk.com\/tr\/wp-json\/wp\/v2\/media\/42146"}],"wp:attachment":[{"href":"https:\/\/www.nationalturk.com\/tr\/wp-json\/wp\/v2\/media?parent=6525"}],"wp:term":[{"taxonomy":"category","embeddable":true,"href":"https:\/\/www.nationalturk.com\/tr\/wp-json\/wp\/v2\/categories?post=6525"},{"taxonomy":"post_tag","embeddable":true,"href":"https:\/\/www.nationalturk.com\/tr\/wp-json\/wp\/v2\/tags?post=6525"}],"curies":[{"name":"wp","href":"https:\/\/api.w.org\/{rel}","templated":true}]}}