{"id":65837,"date":"2011-04-15T14:53:38","date_gmt":"2011-04-15T11:53:38","guid":{"rendered":"http:\/\/www.nationalturk.com\/?p=65837"},"modified":"2011-04-15T15:33:55","modified_gmt":"2011-04-15T12:33:55","slug":"besiktas-genclerbirligi-maci-65837","status":"publish","type":"post","link":"https:\/\/www.nationalturk.com\/tr\/besiktas-genclerbirligi-maci-65837\/","title":{"rendered":"29. hafta heyecan\u0131 Be\u015fikta\u015f Gen\u00e7lerbirli\u011fi ma\u00e7\u0131 ile ba\u015fl\u0131yor"},"content":{"rendered":"<h1>\n<figure id=\"attachment_65838\" aria-describedby=\"caption-attachment-65838\" style=\"width: 610px\" class=\"wp-caption alignnone\"><img loading=\"lazy\" decoding=\"async\" class=\"size-full wp-image-65838\" title=\"Hugo Almeida\" src=\"http:\/\/www.nationalturk.com\/tr\/wp-content\/uploads\/2011\/04\/almeida__goll1.jpeg\" alt=\"\" width=\"610\" height=\"355\"><figcaption id=\"caption-attachment-65838\" class=\"wp-caption-text\">Son haftalar\u0131n golc\u00fc ismi Hugo Almeida yine Be\u015fikta\u015f&#39;\u0131n umudu...<\/figcaption><\/figure>\n<p>Spor Toto S\u00fcper Lig&#8217;de 29. haftan\u0131n kapan\u0131\u015f ma\u00e7\u0131nda Be\u015fikta\u015f, Fiyap\u0131 \u0130n\u00f6n\u00fc Stad\u0131&#8217;nda Gen\u00e7lerbirli\u011fi&#8217;ni a\u011f\u0131rl\u0131yor.<\/h1>\n<p>6. basamakta oldu\u011fu Spor Toto S\u00fcper Ligi&#8217;i en iyi yerde bitirmek niyetindeki Be\u015fikta\u015f ile k\u00fcme d\u00fc\u015fmeme m\u00fccadelesinde rahat nefes almak isteyen Gen\u00e7lerbirli\u011fi&#8217;ni kar\u015f\u0131 kar\u015f\u0131ya getirecek m\u00fccadeleyi \u0130lker Meral y\u00f6netecek. Saat 20:00&#8217;de ba\u015flayacak ma\u00e7ta Be\u015fikta\u015f taraftar\u0131 uzun bir s\u00fcre sonra tak\u0131m\u0131na kavu\u015facak.<\/p>\n<p>Be\u015fikta\u015f Teknik Direkt\u00f6r\u00fc Tayfur Havut\u00e7u, a\u00e7\u0131klad\u0131\u011f\u0131 18 ki\u015filik kadroya s\u00fcrpriz bir \u015fekilde uzun bir s\u00fcredir tak\u0131mdan uzak kalan R\u0131dvan \u015eim\u015fek&#8217;i de dahil etti. Siyah beyazl\u0131lar\u0131n Gen\u00e7lerbirli\u011fi ma\u00e7\u0131 kadrosunda R\u00fc\u015ft\u00fc Re\u00e7ber, Cenk G\u00f6nen, \u0130brahim Toraman, Erhan G\u00fcven, At\u0131n\u00e7 Nukan, Roberto Hilbert, \u0130smail K\u00f6yba\u015f\u0131, Tomas Sivok, R\u0131dvan \u015eim\u015fek, Mehmet Aurelio, Manuel Fernandes, Fabian Ernst, Necip Uysal, Onur Bayramo\u011flu, Simao Sabrosa, Bobo, Nihat Kahveci ve Hugo Almeida yer al\u0131yor.<\/p>\n<p>Be\u015fikta\u015f&#8217;\u0131n sahaya R\u00fc\u015ft\u00fc Re\u00e7ber, Roberto Hilbert, \u0130brahim Toraman, Tomas Sivok, \u0130smail K\u00f6yba\u015f\u0131, Fabian Ernst, Necip Uysal, Manuel Fernandes, Nihat Kahveci, Simao Sabrosa ve Hugo Almeida ilk 11&#8217;iyle \u00e7\u0131kmas\u0131 bekleniyor.<\/p>\n<!-- Error, Advert is not available at this time due to schedule\/geolocation restrictions! -->\n<span style=\"font-weight: bold; color: #f00;\">Error, group does not exist! Check your syntax! (ID: 66)<\/span>\n","protected":false},"excerpt":{"rendered":"<p>Spor Toto S\u00fcper Lig&#8217;de 29. haftan\u0131n kapan\u0131\u015f ma\u00e7\u0131nda Be\u015fikta\u015f, Fiyap\u0131 \u0130n\u00f6n\u00fc Stad\u0131&#8217;nda Gen\u00e7lerbirli\u011fi&#8217;ni a\u011f\u0131rl\u0131yor.<\/p>\n","protected":false},"author":4,"featured_media":65838,"comment_status":"open","ping_status":"open","sticky":false,"template":"","format":"standard","meta":{"_acf_changed":false,"footnotes":""},"categories":[6774,5005,6194],"tags":[67236,1748,67239,67242,32172],"class_list":["post-65837","post","type-post","status-publish","format-standard","has-post-thumbnail","hentry","category-futbol","category-manset","category-spor","tag-besikta","tag-besiktas","tag-besiktas-genclerbirligi","tag-ilker-meral","tag-ridvan-simsek"],"acf":[],"_links":{"self":[{"href":"https:\/\/www.nationalturk.com\/tr\/wp-json\/wp\/v2\/posts\/65837","targetHints":{"allow":["GET"]}}],"collection":[{"href":"https:\/\/www.nationalturk.com\/tr\/wp-json\/wp\/v2\/posts"}],"about":[{"href":"https:\/\/www.nationalturk.com\/tr\/wp-json\/wp\/v2\/types\/post"}],"author":[{"embeddable":true,"href":"https:\/\/www.nationalturk.com\/tr\/wp-json\/wp\/v2\/users\/4"}],"replies":[{"embeddable":true,"href":"https:\/\/www.nationalturk.com\/tr\/wp-json\/wp\/v2\/comments?post=65837"}],"version-history":[{"count":0,"href":"https:\/\/www.nationalturk.com\/tr\/wp-json\/wp\/v2\/posts\/65837\/revisions"}],"wp:featuredmedia":[{"embeddable":true,"href":"https:\/\/www.nationalturk.com\/tr\/wp-json\/wp\/v2\/media\/65838"}],"wp:attachment":[{"href":"https:\/\/www.nationalturk.com\/tr\/wp-json\/wp\/v2\/media?parent=65837"}],"wp:term":[{"taxonomy":"category","embeddable":true,"href":"https:\/\/www.nationalturk.com\/tr\/wp-json\/wp\/v2\/categories?post=65837"},{"taxonomy":"post_tag","embeddable":true,"href":"https:\/\/www.nationalturk.com\/tr\/wp-json\/wp\/v2\/tags?post=65837"}],"curies":[{"name":"wp","href":"https:\/\/api.w.org\/{rel}","templated":true}]}}