{"id":65919,"date":"2011-04-17T17:14:59","date_gmt":"2011-04-17T14:14:59","guid":{"rendered":"http:\/\/www.nationalturk.com\/?p=65919"},"modified":"2011-04-17T17:14:59","modified_gmt":"2011-04-17T14:14:59","slug":"kemal-kilicdaroglu-fakibaba-chp-65919","status":"publish","type":"post","link":"https:\/\/www.nationalturk.com\/tr\/kemal-kilicdaroglu-fakibaba-chp-65919\/","title":{"rendered":"Kemal K\u0131l\u0131\u00e7daro\u011flu Fak\u0131baba&#8217;y\u0131 CHP&#8217;ye davet etti"},"content":{"rendered":"<h1><img loading=\"lazy\" decoding=\"async\" class=\"alignleft size-medium wp-image-65920\" title=\"Kemal K\u0131l\u0131\u00e7daro\u011flu\" src=\"http:\/\/www.nationalturk.com\/tr\/wp-content\/uploads\/2011\/04\/kilicdaroglu_fakibaba-280x186.jpg\" alt=\"\" width=\"280\" height=\"186\" srcset=\"https:\/\/www.nationalturk.com\/tr\/wp-content\/uploads\/2011\/04\/kilicdaroglu_fakibaba-280x186.jpg 280w, https:\/\/www.nationalturk.com\/tr\/wp-content\/uploads\/2011\/04\/kilicdaroglu_fakibaba.jpg 500w\" sizes=\"auto, (max-width: 280px) 100vw, 280px\" \/>Cumhuriyet Halk Partisi Genel Ba\u015fkan\u0131 Kemal K\u0131l\u0131\u00e7daro\u011flu, \u015eanl\u0131urfa Belediye Ba\u015fkan\u0131 Ahmet E\u015fref Fakk\u0131baba&#8217;y\u0131 partisine davet etti.<\/h1>\n<p>K\u0131l\u0131\u00e7daro\u011flu Fakk\u0131baba i\u00e7in, &#8220;Partimize ge\u00e7mesi konusu tabii ki kendi d\u00fc\u015f\u00fcncesi, elbette aram\u0131zda g\u00f6rmekten sevin\u00e7 duyar\u0131z.&#8221; dedi.<\/p>\n<p>K\u0131sas Belediyesi&#8217;nce organize edilen \u201cK\u0131sas 8. A\u015fure ve K\u00fclt\u00fcr Etkinliklerine\u201d kat\u0131lmak \u00fczere \u015eanl\u0131urfa\u2019ya gelen K\u0131l\u0131\u00e7daro\u011flu, \u015eanl\u0131urfa Belediye Ba\u015fkan\u0131 Ahmet E\u015fref Fak\u0131baba\u2019y\u0131 makam\u0131nda ziyaret etti. Belediye Ba\u015fkan\u0131 Ahmet E\u015fref Fak\u0131baba ve ba\u015fkan yard\u0131mc\u0131lar\u0131 Mustafa Ayd\u0131n, Ahmet Al, Mehmet Fevzi Y\u00fccetepe ve Mahmut K\u0131r\u0131k\u00e7\u0131 taraf\u0131ndan kar\u015f\u0131lanan K\u0131l\u0131\u00e7daro\u011flu ve beraberindekiler, ba\u015fkanl\u0131k makam\u0131nda bir s\u00fcre g\u00f6r\u00fc\u015ft\u00fc. \u015eanl\u0131urfa Belediyesi \u015eeref Defteri&#8217;ne \u015eanl\u0131urfa hakk\u0131ndaki izlenimlerini yazan Kemal K\u0131l\u0131\u00e7daro\u011flu\u2019na m\u0131rra (ac\u0131 kahve) ikram edildi. Belediye Ba\u015fkan\u0131 Ahmet E\u015fref Fak\u0131baba ise CHP Genel Ba\u015fkan\u0131 K\u0131l\u0131\u00e7daro\u011flu\u2019na m\u0131rra tak\u0131m\u0131 hediye etti.<\/p>\n<p>Fak\u0131baba&#8217;y\u0131 &#8216;son derece m\u00fctevaz\u0131 ve al\u00e7ak g\u00f6n\u00fcll\u00fc&#8217; bir ki\u015fi olarak nitelendiren K\u0131l\u0131\u00e7daro\u011flu, &#8216;Fak\u0131baba&#8217;n\u0131n partilerine ge\u00e7ece\u011fi&#8217; haberlerinin hat\u0131rlat\u0131lmas\u0131 \u00fczerine, &#8221;Fak\u0131baba bir halk adam\u0131. Halka ve \u015eanl\u0131urfal\u0131lara hizmet ediyor. Bizim ad\u0131m\u0131z da Cumhuriyet Halk Partisi, yani halk\u0131n partisi. Halkla kucakla\u015fmak istiyoruz. Partimize ge\u00e7mesi konusu tabii ki kendi d\u00fc\u015f\u00fcncesi, elbette aram\u0131zda g\u00f6rmekten sevin\u00e7 duyar\u0131z&#8221; diye konu\u015ftu.<br \/>\nBa\u015fkan Fakk\u0131baba, K\u0131l\u0131\u00e7daro\u011flu&#8217;nu \u015eanl\u0131urfa&#8217;daki di\u011fer temaslarda da yaln\u0131z b\u0131rakmad\u0131.<\/p>\n<p>Belediye ziyaretinden sonra topluca istifa eden \u015eanl\u0131urfa CHP il te\u015fkilat\u0131na g\u00f6n\u00fcl alma ziyareti ger\u00e7ekle\u015ftiren K\u0131l\u0131\u00e7daro\u011flu, burada toplanan vatanda\u015flara hitap etti, aile sigortas\u0131 s\u00f6z\u00fc verdi. \u0130ktidar olmalar\u0131 durumunda yoksul her aile i\u00e7in her ay bankaya 600 lira para yat\u0131rma s\u00f6z\u00fc veren Kemal K\u0131l\u0131\u00e7daro\u011flu, &#8220;Bu memlekette topra\u011f\u0131m\u0131z var, suyumuz var, bereketli insanlar\u0131m\u0131z var. Fakirlik neden peki? \u0130yi y\u00f6netilmedi\u011fi i\u00e7in i\u015fsizlik var. Buradan s\u00fcrekli g\u00f6\u00e7 veriyor, ba\u015fka yerlere gidiyor \u00e7oluk \u00e7ocuk yaz\u0131n \u00e7al\u0131\u015fmak i\u00e7in. Bunu \u00f6nlemek i\u00e7in aile sigortas\u0131n\u0131 getiriyoruz. Her yoksul ailede kad\u0131n\u0131n banka hesab\u0131na en az 600 TL para yat\u0131raca\u011f\u0131z.&#8221; diye konu\u015ftu.<\/p>\n","protected":false},"excerpt":{"rendered":"<p>Cumhuriyet Halk Partisi Genel Ba\u015fkan\u0131 Kemal K\u0131l\u0131\u00e7daro\u011flu, \u015eanl\u0131urfa Belediye Ba\u015fkan\u0131 Ahmet E\u015fref Fakk\u0131baba&#8217;y\u0131 partisine davet etti.<\/p>\n","protected":false},"author":4,"featured_media":65920,"comment_status":"open","ping_status":"open","sticky":false,"template":"","format":"standard","meta":{"_acf_changed":false,"footnotes":""},"categories":[6155,5005,6202,6805],"tags":[67340,8723,5115,1471],"class_list":["post-65919","post","type-post","status-publish","format-standard","has-post-thumbnail","hentry","category-gundem","category-manset","category-politika","category-turkiye","tag-ahmet-esref-fakibaba","tag-chp","tag-kemal-kilicdaroglu","tag-sanliurfa"],"acf":[],"_links":{"self":[{"href":"https:\/\/www.nationalturk.com\/tr\/wp-json\/wp\/v2\/posts\/65919","targetHints":{"allow":["GET"]}}],"collection":[{"href":"https:\/\/www.nationalturk.com\/tr\/wp-json\/wp\/v2\/posts"}],"about":[{"href":"https:\/\/www.nationalturk.com\/tr\/wp-json\/wp\/v2\/types\/post"}],"author":[{"embeddable":true,"href":"https:\/\/www.nationalturk.com\/tr\/wp-json\/wp\/v2\/users\/4"}],"replies":[{"embeddable":true,"href":"https:\/\/www.nationalturk.com\/tr\/wp-json\/wp\/v2\/comments?post=65919"}],"version-history":[{"count":0,"href":"https:\/\/www.nationalturk.com\/tr\/wp-json\/wp\/v2\/posts\/65919\/revisions"}],"wp:featuredmedia":[{"embeddable":true,"href":"https:\/\/www.nationalturk.com\/tr\/wp-json\/wp\/v2\/media\/65920"}],"wp:attachment":[{"href":"https:\/\/www.nationalturk.com\/tr\/wp-json\/wp\/v2\/media?parent=65919"}],"wp:term":[{"taxonomy":"category","embeddable":true,"href":"https:\/\/www.nationalturk.com\/tr\/wp-json\/wp\/v2\/categories?post=65919"},{"taxonomy":"post_tag","embeddable":true,"href":"https:\/\/www.nationalturk.com\/tr\/wp-json\/wp\/v2\/tags?post=65919"}],"curies":[{"name":"wp","href":"https:\/\/api.w.org\/{rel}","templated":true}]}}