{"id":6605,"date":"2009-10-20T14:13:22","date_gmt":"2009-10-20T11:13:22","guid":{"rendered":"http:\/\/www.nationalturk.com\/?p=6605"},"modified":"2009-12-12T16:35:19","modified_gmt":"2009-12-12T13:35:19","slug":"nefes-filmi","status":"publish","type":"post","link":"https:\/\/www.nationalturk.com\/tr\/nefes-filmi\/","title":{"rendered":"&#8220;Nefes&#8221; filmi b\u00fcy\u00fck ilgi g\u00f6r\u00fcyor"},"content":{"rendered":"<p><a href=\"http:\/\/www.nationalturk.com\/tr\/wp-content\/uploads\/2009\/10\/nefes-filmi1.jpg\"><img loading=\"lazy\" decoding=\"async\" class=\"alignleft size-medium wp-image-6610\" title=\"Nefes Filmi\" src=\"http:\/\/www.nationalturk.com\/tr\/wp-content\/uploads\/2009\/10\/nefes-filmi1-280x163.jpg\" alt=\"Nefes Filmi\" width=\"280\" height=\"163\" srcset=\"https:\/\/www.nationalturk.com\/tr\/wp-content\/uploads\/2009\/10\/nefes-filmi1-280x163.jpg 280w, https:\/\/www.nationalturk.com\/tr\/wp-content\/uploads\/2009\/10\/nefes-filmi1.jpg 526w\" sizes=\"auto, (max-width: 280px) 100vw, 280px\" \/><\/a><strong>G\u00fcneydo\u011fu&#8217;da Irak s\u0131n\u0131r\u0131nda g\u00f6revli askerlerin hikayesini anlatan Nefes\u00a0 filmi ilk haftas\u0131nda 334 bin ki\u015filik izleyiciye ula\u015ft\u0131.<\/strong><\/p>\n<p>Demokratik A\u00e7\u0131l\u0131m tart\u0131\u015fmalar\u0131n\u0131n s\u00fcrd\u00fc\u011f\u00fc bir d\u00f6nemde vizyona giren Nefes: Vatan Sa\u011folsun filmi vizyondaki ilk haftas\u0131nda izleyiciden b\u00fcy\u00fck ilgi g\u00f6rd\u00fc.<\/p>\n<p>G\u00fcneydo\u011fu&#8217;daki Irak s\u0131n\u0131r\u0131na yak\u0131n bir il\u00e7ede komanda tugay\u0131nda bulunan ve Karabal Tepesi&#8217;ndeki r\u00f6le istasyonunu korumakla g\u00f6revlendirilen bir y\u00fczba\u015f\u0131 komut\u0131s\u0131ndaki 40 askerin hikayesini anlatan film vizyondaki ilk haftas\u0131nda 334 bin ki\u015fi taraf\u0131ndan izlendi. &#8216;Nefes&#8217;i 75 binlik izleyici say\u0131s\u0131yla animasyon filmi &#8216;Yukar\u0131 Bak&#8217; takip etti.<\/p>\n[media id=18 width=610 height=340]\n","protected":false},"excerpt":{"rendered":"<p>G\u00fcneydo\u011fu&#8217;da Irak s\u0131n\u0131r\u0131nda g\u00f6revli askerlerin hikayesini anlatan Nefes  filmi ilk haftas\u0131nda 334 bin ki\u015filik izleyiciye ula\u015ft\u0131.<\/p>\n","protected":false},"author":3,"featured_media":193945,"comment_status":"open","ping_status":"open","sticky":false,"template":"","format":"standard","meta":{"_acf_changed":false,"footnotes":""},"categories":[763,342],"tags":[6148,6152,6145,6147,6143,6146,6144,6149,6150,6151],"class_list":["post-6605","post","type-post","status-publish","format-standard","has-post-thumbnail","hentry","category-gunun-olayi","category-video","tag-demokratik-acilim","tag-demokratik-acilim-tartismasi","tag-karabal-tepesi","tag-karabal-tepesi-nefes-filmi","tag-nefes-filmi","tag-nefes-irak","tag-nefes-vatan-sagolsun","tag-vatan-sagolsun","tag-vatan-sagolsun-filmi","tag-vatan-sagolsun-nefes"],"acf":[],"_links":{"self":[{"href":"https:\/\/www.nationalturk.com\/tr\/wp-json\/wp\/v2\/posts\/6605","targetHints":{"allow":["GET"]}}],"collection":[{"href":"https:\/\/www.nationalturk.com\/tr\/wp-json\/wp\/v2\/posts"}],"about":[{"href":"https:\/\/www.nationalturk.com\/tr\/wp-json\/wp\/v2\/types\/post"}],"author":[{"embeddable":true,"href":"https:\/\/www.nationalturk.com\/tr\/wp-json\/wp\/v2\/users\/3"}],"replies":[{"embeddable":true,"href":"https:\/\/www.nationalturk.com\/tr\/wp-json\/wp\/v2\/comments?post=6605"}],"version-history":[{"count":0,"href":"https:\/\/www.nationalturk.com\/tr\/wp-json\/wp\/v2\/posts\/6605\/revisions"}],"wp:featuredmedia":[{"embeddable":true,"href":"https:\/\/www.nationalturk.com\/tr\/wp-json\/wp\/v2\/media\/193945"}],"wp:attachment":[{"href":"https:\/\/www.nationalturk.com\/tr\/wp-json\/wp\/v2\/media?parent=6605"}],"wp:term":[{"taxonomy":"category","embeddable":true,"href":"https:\/\/www.nationalturk.com\/tr\/wp-json\/wp\/v2\/categories?post=6605"},{"taxonomy":"post_tag","embeddable":true,"href":"https:\/\/www.nationalturk.com\/tr\/wp-json\/wp\/v2\/tags?post=6605"}],"curies":[{"name":"wp","href":"https:\/\/api.w.org\/{rel}","templated":true}]}}