{"id":66061,"date":"2011-04-18T15:49:12","date_gmt":"2011-04-18T12:49:12","guid":{"rendered":"http:\/\/www.nationalturk.com\/?p=66061"},"modified":"2011-04-18T15:49:12","modified_gmt":"2011-04-18T12:49:12","slug":"basbakan-erdogan-ygs-10-bin-genc-66061","status":"publish","type":"post","link":"https:\/\/www.nationalturk.com\/tr\/basbakan-erdogan-ygs-10-bin-genc-66061\/","title":{"rendered":"Ba\u015fbakan Erdo\u011fan: YGS&#8217;yi protesto edenlerin kar\u015f\u0131s\u0131na 10 bin genci koyar\u0131z!"},"content":{"rendered":"<h1><img loading=\"lazy\" decoding=\"async\" class=\"alignnone size-full wp-image-66062\" title=\"Ba\u015fbakan Erdo\u011fan\" src=\"http:\/\/www.nationalturk.com\/tr\/wp-content\/uploads\/2011\/04\/erdogan_aday_toplantisi.jpeg\" alt=\"\" width=\"610\" height=\"355\"><\/h1>\n<h1>Ba\u015fbakan Recep Tayyip Erdo\u011fan, YGS&#8217;de \u015fifre iddialar\u0131n\u0131n ard\u0131ndan Taksim&#8217;de g\u00f6steri yapan lise \u00f6\u011frencilerini kast ederek &#8216;\u0130stersek kar\u015f\u0131lar\u0131na 5 bin, 10 bin genci koyar\u0131z. Ama gerilimden yana de\u011filiz&#8217; dedi.<\/h1>\n<p>AK Parti&#8217;nin milletvekili adaylar\u0131 tan\u0131t\u0131m toplant\u0131s\u0131nda konu\u015fan Ba\u015fbakan Erdo\u011fan,\u00a0CHP, MHP ve BDP\u2019&#8217;nni YGS \u00fczerinden gen\u00e7leri istismar etme gayreti i\u00e7inde oldu\u011funu iddia ederek &#8220;1,7 milyon gencin hayallerini, geleceklerini, umutlar\u0131n\u0131, siyasi malzemeye d\u00f6n\u00fc\u015ft\u00fcrerek, buradan kendilerine bir rant sa\u011flaman\u0131n \u00e7irkin gayreti i\u00e7indeler. Gece g\u00fcnd\u00fcz ders \u00e7al\u0131\u015fan, uykusundan, oyunundan, e\u011flencesinden fedakarl\u0131k yapan gen\u00e7lerin hissiyat\u0131n\u0131 siyasi malzeme haline getirmek, \u00e7ok a\u00e7\u0131k s\u00f6yl\u00fcyorum, ahlaks\u0131zl\u0131kt\u0131r, f\u0131rsat\u00e7\u0131l\u0131kt\u0131r&#8221; dedi.<\/p>\n<p>YGS&#8217;de \u015faibe varsa bunun kar\u015f\u0131s\u0131nda en g\u00fc\u00e7l\u00fc tepkiyi koyacak ki\u015finin kendisi oldu\u011funu ileri s\u00fcren Erdo\u011fan, &#8220;Bir tek ki\u015finin kay\u0131r\u0131ld\u0131\u011f\u0131na dair somut deliliniz var m\u0131? \u015eifre iddialar\u0131ndan \u00e7\u0131kar sa\u011flad\u0131\u011f\u0131n\u0131 ispat edebilece\u011finiz tek bir gen\u00e7 var m\u0131? Yok.\u00a0Ama ortada, duygular\u0131 istismar edilecek, soka\u011fa d\u00f6k\u00fclecek, zihinlerine, y\u00fcreklerine \u015f\u00fcphe d\u00fc\u015f\u00fcr\u00fclecek bir gen\u00e7 grup var.\u00a0Bu \u00fclkenin ba\u015fbakan\u0131 olarak, YGS ile ilgili iddialar\u0131n tamam\u0131n\u0131n takip\u00e7isiyim. Gen\u00e7lerimiz rahat olsunlar, m\u00fcsterih olsunlar, g\u00f6n\u00fcl rahatl\u0131\u011f\u0131 i\u00e7inde ikinci s\u0131nava haz\u0131rlans\u0131nlar&#8221; diye konu\u015ftu.<\/p>\n<h2>Kar\u015f\u0131lar\u0131na 10 bin genci koyar\u0131z<\/h2>\n<p>Ba\u015fbakan Erdo\u011fan, \u015fifre iddialar\u0131n\u0131n ard\u0131ndan Taksim&#8217;de protesto g\u00f6sterisi yapan liseli \u00f6\u011frencileri de ele\u015ftirerek &#8220;Taksim\u2019de bin ki\u015fiyi, iki bin ki\u015fiyi y\u00fcr\u00fctmek, iki bin genci y\u00fcr\u00fctmek problem de\u011fil. Onlar YGS s\u0131nav\u0131n\u0131n kar\u015f\u0131s\u0131nda tav\u0131r ortaya koyduklar\u0131n\u0131 a\u00e7\u0131klarken, biz de kalkar\u0131z onlar\u0131n kar\u015f\u0131s\u0131na 5 bin, 10 bin tane genci koyar\u0131z. Ama biz bu \u00fclkede gerilimden yana de\u011filiz&#8221; ifadelerini kulland\u0131.<\/p>\n<!-- Error, Advert is not available at this time due to schedule\/geolocation restrictions! -->\n","protected":false},"excerpt":{"rendered":"<p>Ba\u015fbakan Recep Tayyip Erdo\u011fan, YGS&#8217;de \u015fifre iddialar\u0131n\u0131n ard\u0131ndan Taksim&#8217;de g\u00f6steri yapan lise \u00f6\u011frencilerini kast ederek &#8216;\u0130stersek kar\u015f\u0131lar\u0131na 5 bin, 10 bin genci koyar\u0131z. Ama gerilimden yana de\u011filiz&#8217; dedi.<\/p>\n","protected":false},"author":4,"featured_media":66062,"comment_status":"open","ping_status":"open","sticky":false,"template":"","format":"standard","meta":{"_acf_changed":false,"footnotes":""},"categories":[6663,6155,5005,6202,6805],"tags":[9476,3888,11498,8723,10829,23112],"class_list":["post-66061","post","type-post","status-publish","format-standard","has-post-thumbnail","hentry","category-egitim","category-gundem","category-manset","category-politika","category-turkiye","tag-akp","tag-basbakan-erdogan","tag-bdp","tag-chp","tag-mhp","tag-ygs"],"acf":[],"_links":{"self":[{"href":"https:\/\/www.nationalturk.com\/tr\/wp-json\/wp\/v2\/posts\/66061","targetHints":{"allow":["GET"]}}],"collection":[{"href":"https:\/\/www.nationalturk.com\/tr\/wp-json\/wp\/v2\/posts"}],"about":[{"href":"https:\/\/www.nationalturk.com\/tr\/wp-json\/wp\/v2\/types\/post"}],"author":[{"embeddable":true,"href":"https:\/\/www.nationalturk.com\/tr\/wp-json\/wp\/v2\/users\/4"}],"replies":[{"embeddable":true,"href":"https:\/\/www.nationalturk.com\/tr\/wp-json\/wp\/v2\/comments?post=66061"}],"version-history":[{"count":0,"href":"https:\/\/www.nationalturk.com\/tr\/wp-json\/wp\/v2\/posts\/66061\/revisions"}],"wp:featuredmedia":[{"embeddable":true,"href":"https:\/\/www.nationalturk.com\/tr\/wp-json\/wp\/v2\/media\/66062"}],"wp:attachment":[{"href":"https:\/\/www.nationalturk.com\/tr\/wp-json\/wp\/v2\/media?parent=66061"}],"wp:term":[{"taxonomy":"category","embeddable":true,"href":"https:\/\/www.nationalturk.com\/tr\/wp-json\/wp\/v2\/categories?post=66061"},{"taxonomy":"post_tag","embeddable":true,"href":"https:\/\/www.nationalturk.com\/tr\/wp-json\/wp\/v2\/tags?post=66061"}],"curies":[{"name":"wp","href":"https:\/\/api.w.org\/{rel}","templated":true}]}}