{"id":66089,"date":"2011-04-18T19:44:15","date_gmt":"2011-04-18T16:44:15","guid":{"rendered":"http:\/\/www.nationalturk.com\/?p=66089"},"modified":"2011-04-18T19:45:15","modified_gmt":"2011-04-18T16:45:15","slug":"bochum-savciligi-sike-bahisciler-ceza-tff-66089","status":"publish","type":"post","link":"https:\/\/www.nationalturk.com\/tr\/bochum-savciligi-sike-bahisciler-ceza-tff-66089\/","title":{"rendered":"Almanya \u015fikecilere hapis cezas\u0131 verdi; T\u00fcrkiye &#8216;de ne olacak?"},"content":{"rendered":"<h1><a href=\"http:\/\/www.nationalturk.com\/tr\/wp-content\/uploads\/2011\/04\/tff-baskani-mahmut-ozgener1-e1303144896722.jpg\"><img loading=\"lazy\" decoding=\"async\" class=\"alignleft size-medium wp-image-66091\" title=\"TFF Ba\u015fkan\u0131 Mahmut \u00d6zgener \" src=\"http:\/\/www.nationalturk.com\/tr\/wp-content\/uploads\/2011\/04\/tff-baskani-mahmut-ozgener1-e1303144896722-280x198.jpg\" alt=\"\" width=\"280\" height=\"198\" srcset=\"https:\/\/www.nationalturk.com\/tr\/wp-content\/uploads\/2011\/04\/tff-baskani-mahmut-ozgener1-e1303144896722-280x198.jpg 280w, https:\/\/www.nationalturk.com\/tr\/wp-content\/uploads\/2011\/04\/tff-baskani-mahmut-ozgener1-e1303144896722.jpg 438w\" sizes=\"auto, (max-width: 280px) 100vw, 280px\" \/><\/a>Almanya &#8216;da Bochum Savc\u0131l\u0131\u011f\u0131 taraf\u0131ndan ikisi T\u00fcrk, biri Alman bahis\u00e7ilere 50&#8217;den fazla futbol ma\u00e7\u0131nda \u015fike yapt\u0131klar\u0131 i\u00e7in ceza vermesine ra\u011fmen TFF bu konuyla ilgili bir a\u00e7\u0131klamada bulunmad\u0131.<\/h1>\n<p>T\u00fcrkiye Futbol Federasyonu &#8216;nun \u015fike yap\u0131lan ma\u00e7lar\u0131n T\u00fcrkiye Ligleri &#8216;yle ilgisi olup olmad\u0131\u011f\u0131n\u0131 a\u00e7\u0131klamazken, Alman yetkililer bu konudaki hassasiyetlerini g\u00f6stererek bahis b\u00fcrosu i\u015fletmecisi Stevan R. 3 y\u0131l 11 ay, T\u00fcrk san\u0131klar Tuna A. 3 y\u0131l 8 ay, Nurettin G. ise 3 y\u0131l hapis cezas\u0131 verdi.<\/p>\n<p>Bochum Savc\u0131l\u0131\u011f\u0131 taraf\u0131ndan, Almanya &#8216;da ba\u015flayan soru\u015fturma, \u015fike iddialar\u0131n\u0131n Avrupa &#8216;da bir \u00e7ok \u00fclkeye uzanmas\u0131 \u00fczerine geni\u015fletilmi\u015fti. Geni\u015fletilen soru\u015fturma kapsam\u0131nda T\u00fcrkiye &#8216;de de 74 ma\u00e7 incelemeye al\u0131nm\u0131\u015f ve 70&#8217;e yak\u0131n ki\u015fi ise g\u00f6zalt\u0131na al\u0131nm\u0131\u015ft\u0131.<\/p>\n<h2>\u015eimdi spor kamuoyunun ak\u0131llar\u0131na tak\u0131lan \u015fu;<\/h2>\n<p>Bochum Savc\u0131l\u0131\u011f\u0131 &#8216;n\u0131n ikisi T\u00fcrk biri Alman bahis\u00e7iye hapis cezas\u0131 vermesine ra\u011fmen, Savc\u0131l\u0131k T\u00fcrkiye &#8216;de 74 ma\u00e7 incelemeye ald\u0131\u011f\u0131 halde TFF &#8216;den neden yaz\u0131l\u0131 veya s\u00f6zl\u00fc bir a\u00e7\u0131klama yap\u0131lmad\u0131. Bochum Savc\u0131l\u0131\u011f\u0131 hangi ma\u00e7lar\u0131 incelemeye ald\u0131&#8230;<\/p>\n<p><strong>T\u00fcm spor kamuoyu bu sorular\u0131n cevab\u0131n\u0131 \u00f6\u011frenmek istemekte hakl\u0131 de\u011filler mi?<\/strong><\/p>\n<!-- Error, Advert is not available at this time due to schedule\/geolocation restrictions! -->\n<!-- Error, Advert is not available at this time due to schedule\/geolocation restrictions! -->\n","protected":false},"excerpt":{"rendered":"<p>Bochum Savc\u0131l\u0131\u011f\u0131 ikisi T\u00fcrk, biri Alman bahis\u00e7ilere \u015fike yapt\u0131klar\u0131 i\u00e7in ceza vermesine ra\u011fmen TFF bu konuyla ilgili bir a\u00e7\u0131klamada bulunmad\u0131.<\/p>\n","protected":false},"author":28,"featured_media":66090,"comment_status":"open","ping_status":"open","sticky":false,"template":"","format":"standard","meta":{"_acf_changed":false,"footnotes":""},"categories":[6774,6155,5005,6667,6194],"tags":[2174,67474,47859,6477,195938,6479],"class_list":["post-66089","post","type-post","status-publish","format-standard","has-post-thumbnail","hentry","category-futbol","category-gundem","category-manset","category-medya","category-spor","tag-almanya","tag-bochum-savciligi","tag-bochum-sike-sorusturmasi","tag-tff","tag-turkiye","tag-turkiye-futbol-federasyonu"],"acf":[],"_links":{"self":[{"href":"https:\/\/www.nationalturk.com\/tr\/wp-json\/wp\/v2\/posts\/66089","targetHints":{"allow":["GET"]}}],"collection":[{"href":"https:\/\/www.nationalturk.com\/tr\/wp-json\/wp\/v2\/posts"}],"about":[{"href":"https:\/\/www.nationalturk.com\/tr\/wp-json\/wp\/v2\/types\/post"}],"author":[{"embeddable":true,"href":"https:\/\/www.nationalturk.com\/tr\/wp-json\/wp\/v2\/users\/28"}],"replies":[{"embeddable":true,"href":"https:\/\/www.nationalturk.com\/tr\/wp-json\/wp\/v2\/comments?post=66089"}],"version-history":[{"count":0,"href":"https:\/\/www.nationalturk.com\/tr\/wp-json\/wp\/v2\/posts\/66089\/revisions"}],"wp:featuredmedia":[{"embeddable":true,"href":"https:\/\/www.nationalturk.com\/tr\/wp-json\/wp\/v2\/media\/66090"}],"wp:attachment":[{"href":"https:\/\/www.nationalturk.com\/tr\/wp-json\/wp\/v2\/media?parent=66089"}],"wp:term":[{"taxonomy":"category","embeddable":true,"href":"https:\/\/www.nationalturk.com\/tr\/wp-json\/wp\/v2\/categories?post=66089"},{"taxonomy":"post_tag","embeddable":true,"href":"https:\/\/www.nationalturk.com\/tr\/wp-json\/wp\/v2\/tags?post=66089"}],"curies":[{"name":"wp","href":"https:\/\/api.w.org\/{rel}","templated":true}]}}