{"id":66595,"date":"2011-04-22T16:41:36","date_gmt":"2011-04-22T13:41:36","guid":{"rendered":"http:\/\/www.nationalturk.com\/?p=66595"},"modified":"2011-04-22T16:41:36","modified_gmt":"2011-04-22T13:41:36","slug":"hayrunnisa-gul-bedri-baykam-ziyaret-66595","status":"publish","type":"post","link":"https:\/\/www.nationalturk.com\/tr\/hayrunnisa-gul-bedri-baykam-ziyaret-66595\/","title":{"rendered":"Hayr\u00fcnnisa G\u00fcl&#8217;den Bedri Baykam&#8217;a ziyaret"},"content":{"rendered":"<h1><img loading=\"lazy\" decoding=\"async\" class=\"alignleft size-medium wp-image-66596\" title=\"Hayrunnisa G\u00fcl\" src=\"http:\/\/www.nationalturk.com\/tr\/wp-content\/uploads\/2011\/04\/hayrunisa_gul_akpm-280x202.jpg\" alt=\"\" width=\"280\" height=\"202\" srcset=\"https:\/\/www.nationalturk.com\/tr\/wp-content\/uploads\/2011\/04\/hayrunisa_gul_akpm-280x202.jpg 280w, https:\/\/www.nationalturk.com\/tr\/wp-content\/uploads\/2011\/04\/hayrunisa_gul_akpm.jpg 500w\" sizes=\"auto, (max-width: 280px) 100vw, 280px\" \/>B\u0131\u00e7akl\u0131 sald\u0131r\u0131ya u\u011frayan ve tedavisi devam eden ressam Bedri Baykam&#8217;\u0131 ziyaret edenler aras\u0131nda Cumhurba\u015fkan\u0131 Abdullah G\u00fcl&#8217;\u00fcn e\u015fi Hayr\u00fcnnisa G\u00fcl&#8217;\u00fcn de oldu\u011fu ortaya \u00e7\u0131kt\u0131.<\/h1>\n<p>Bedri Baykam\u2019\u0131n e\u015fi Sibel Baykam, e\u015fi taraf\u0131ndan hastane odas\u0131nda kaleme al\u0131nan bas\u0131n a\u00e7\u0131klamas\u0131n\u0131 okudu. Bedri Baykam, a\u00e7\u0131klamas\u0131nda a\u00e7\u0131lacak davay\u0131 &#8220;cinayete te\u015febb\u00fcs davas\u0131&#8221; olarak niteleyerek &#8220;\u0130stanbul Barosu taraf\u0131ndan en yetkin ceza avukatlar\u0131 se\u00e7ilip atanmal\u0131. 30 y\u0131ld\u0131r polilitik alanda her konuda \u0131srarla g\u00f6sterdi\u011fim ve yurdun her k\u00f6\u015fesine \u00e7al\u0131\u015fkanl\u0131kla ta\u015f\u0131d\u0131\u011f\u0131m, Laik, demokrat ve \u00f6zg\u00fcrl\u00fck\u00e7\u00fc tavr\u0131n kararl\u0131l\u0131\u011f\u0131 sonucu ba\u015f\u0131ma gelmi\u015f olan bu hain sald\u0131r\u0131y\u0131 k\u0131namak yerine, sebebini asl\u0131nda \u00e7ok iyi bildi\u011fimiz \u015fekilde, ak\u0131l almaz ele\u015ftirilerle bir kez daha yaral\u0131ya sald\u0131rmay\u0131 se\u00e7en zihniyeti, vicdanlar\u0131n\u0131za havale ediyorum&#8221; dedi.<\/p>\n<h2>Hayr\u00fcnnisa G\u00fcl&#8217;den ziyaret<\/h2>\n<p>Sibel Baykam, Cumhurba\u015fkan\u0131 Abdullah G\u00fcl\u2019\u00fcn Bedri Baykam\u2019\u0131 telefonla aray\u0131p ge\u00e7mi\u015f olsun temennisinde bulundu\u011fu ve e\u015fi Hayr\u00fcnnisa G\u00fcl\u2019\u00fcn bizzat hastaneye gelerek Baykam\u2019\u0131 ziyaret etti\u011fini belirterek &#8220;&#8221;\u00c7ok nazik bir ziyarette bulundular. Ge\u00e7mi\u015f olsun dileklerini iletti say\u0131n han\u0131mefendi. Bu tip olaylar\u0131 lanetledi. \u00c7ok g\u00fczel s\u00fcrpriz oldu, biz de \u00e7ok sevindik bu nazik ziyaretten&#8221; \u015feklinde konu\u015ftu.<\/p>\n<!-- Error, Advert is not available at this time due to schedule\/geolocation restrictions! -->\n<span style=\"font-weight: bold; color: #f00;\">Error, group does not exist! Check your syntax! (ID: 52)<\/span>\n","protected":false},"excerpt":{"rendered":"<p>B\u0131\u00e7akl\u0131 sald\u0131r\u0131ya u\u011frayan ve tedavisi devam eden ressam Bedri Baykam&#8217;\u0131 ziyaret edenler aras\u0131nda Cumhurba\u015fkan\u0131 Abdullah G\u00fcl&#8217;\u00fcn e\u015fi Hayr\u00fcnnisa G\u00fcl&#8217;\u00fcn de oldu\u011fu ortaya \u00e7\u0131kt\u0131.<\/p>\n","protected":false},"author":4,"featured_media":66596,"comment_status":"open","ping_status":"open","sticky":false,"template":"","format":"standard","meta":{"_acf_changed":false,"footnotes":""},"categories":[6155,5005,6202,6805],"tags":[4343,26270,67923,17783,67920,67921,67922],"class_list":["post-66595","post","type-post","status-publish","format-standard","has-post-thumbnail","hentry","category-gundem","category-manset","category-politika","category-turkiye","tag-abdullah-gul","tag-bedri-baykam","tag-bedri-baykam-aciklama","tag-hayrunnisa-gul","tag-hayrunnisa-gul-bedri-baykam","tag-hayrunnisa-gul-bedri-baykam-ziyaret","tag-sibel-baykam"],"acf":[],"_links":{"self":[{"href":"https:\/\/www.nationalturk.com\/tr\/wp-json\/wp\/v2\/posts\/66595","targetHints":{"allow":["GET"]}}],"collection":[{"href":"https:\/\/www.nationalturk.com\/tr\/wp-json\/wp\/v2\/posts"}],"about":[{"href":"https:\/\/www.nationalturk.com\/tr\/wp-json\/wp\/v2\/types\/post"}],"author":[{"embeddable":true,"href":"https:\/\/www.nationalturk.com\/tr\/wp-json\/wp\/v2\/users\/4"}],"replies":[{"embeddable":true,"href":"https:\/\/www.nationalturk.com\/tr\/wp-json\/wp\/v2\/comments?post=66595"}],"version-history":[{"count":0,"href":"https:\/\/www.nationalturk.com\/tr\/wp-json\/wp\/v2\/posts\/66595\/revisions"}],"wp:featuredmedia":[{"embeddable":true,"href":"https:\/\/www.nationalturk.com\/tr\/wp-json\/wp\/v2\/media\/66596"}],"wp:attachment":[{"href":"https:\/\/www.nationalturk.com\/tr\/wp-json\/wp\/v2\/media?parent=66595"}],"wp:term":[{"taxonomy":"category","embeddable":true,"href":"https:\/\/www.nationalturk.com\/tr\/wp-json\/wp\/v2\/categories?post=66595"},{"taxonomy":"post_tag","embeddable":true,"href":"https:\/\/www.nationalturk.com\/tr\/wp-json\/wp\/v2\/tags?post=66595"}],"curies":[{"name":"wp","href":"https:\/\/api.w.org\/{rel}","templated":true}]}}