{"id":66716,"date":"2011-04-23T15:39:17","date_gmt":"2011-04-23T12:39:17","guid":{"rendered":"http:\/\/www.nationalturk.com\/?p=66716"},"modified":"2011-04-23T15:39:17","modified_gmt":"2011-04-23T12:39:17","slug":"kemal-kilicdaroglu-chp-cocuk-projesi-66716","status":"publish","type":"post","link":"https:\/\/www.nationalturk.com\/tr\/kemal-kilicdaroglu-chp-cocuk-projesi-66716\/","title":{"rendered":"Kemal K\u0131l\u0131\u00e7daro\u011flu: \u00c7ocuklar yoksullu\u011fu en a\u011f\u0131r \u015fekilde ya\u015f\u0131yor!"},"content":{"rendered":"<h1><img loading=\"lazy\" decoding=\"async\" class=\"alignleft size-medium wp-image-66717\" title=\"Kemal K\u0131l\u0131\u00e7daro\u011flu\" src=\"http:\/\/www.nationalturk.com\/tr\/wp-content\/uploads\/2011\/04\/kilicdaroglu__istanbul-280x194.jpg\" alt=\"\" width=\"280\" height=\"194\" srcset=\"https:\/\/www.nationalturk.com\/tr\/wp-content\/uploads\/2011\/04\/kilicdaroglu__istanbul-280x194.jpg 280w, https:\/\/www.nationalturk.com\/tr\/wp-content\/uploads\/2011\/04\/kilicdaroglu__istanbul.jpg 500w\" sizes=\"auto, (max-width: 280px) 100vw, 280px\" \/>Cumhuriyet Halk Partisi Genel Ba\u015fkan\u0131\u00a0Kemal K\u0131l\u0131\u00e7daro\u011flu, \u00e7ocuklar\u0131n T\u00fcrk toplumunda yoksullu\u011fu en a\u011f\u0131r \u015fekilde ya\u015fad\u0131\u011f\u0131n\u0131 s\u00f6yledi.<\/h1>\n<p>Baz\u0131 gazete yazarlar\u0131 ile kahvalt\u0131da bir araya gelen K\u0131l\u0131\u00e7daro\u011flu, gazetecilere &#8216;\u00c7ocuk Proje&#8217;si hakk\u0131nda sunum yapt\u0131. Bas\u0131na kapal\u0131 ger\u00e7ekle\u015fen toplant\u0131 sonras\u0131 a\u00e7\u0131klamada bulunan Kemal K\u0131l\u0131\u00e7daro\u011flu, 23 Nisan&#8217;\u0131n; \u00e7ocuklar i\u00e7in, kendileri i\u00e7in ve parlamento i\u00e7in \u00e7ok \u00f6nemli bir g\u00fcn oldu\u011funu vurgulayarak, &#8220;Bug\u00fcn de\u011ferli bas\u0131n mensuplar\u0131na \u00e7ocuk projemizi a\u00e7\u0131klad\u0131k. Bizim toplumumuzda \u00e7ocuklar yoksullu\u011fu en a\u011f\u0131r \u015fekilde ya\u015f\u0131yor. \u00c7ocuk yoksullu\u011fu \u00e7ok y\u00fcksek. CHP olarak toplumun her kesimine duyarl\u0131 yakla\u015f\u0131p toplumun her kesimi i\u00e7in proje \u00fcretiyoruz. Bu \u00fcretti\u011fimiz proje \u00e7ocuklar\u0131m\u0131z i\u00e7in. Dolay\u0131s\u0131yla CHP, T\u00fcrk siyasal tarihinde ilk kez \u00e7ocuklar i\u00e7in proje haz\u0131rlayan parti oldu. Bu a\u00e7\u0131dan \u00e7ok memnunuz.&#8221; dedi.<\/p>\n<!-- Error, Advert is not available at this time due to schedule\/geolocation restrictions! -->\n<!-- Error, Advert is not available at this time due to schedule\/geolocation restrictions! -->\n","protected":false},"excerpt":{"rendered":"<p>Cumhuriyet Halk Partisi Genel Ba\u015fkan\u0131 Kemal K\u0131l\u0131\u00e7daro\u011flu, \u00e7ocuklar\u0131n T\u00fcrk toplumunda yoksullu\u011fu en a\u011f\u0131r \u015fekilde ya\u015fad\u0131\u011f\u0131n\u0131 s\u00f6yledi.<\/p>\n","protected":false},"author":4,"featured_media":66717,"comment_status":"open","ping_status":"open","sticky":false,"template":"","format":"standard","meta":{"_acf_changed":false,"footnotes":""},"categories":[6155,5005,6202,6805],"tags":[8723,5115,9319],"class_list":["post-66716","post","type-post","status-publish","format-standard","has-post-thumbnail","hentry","category-gundem","category-manset","category-politika","category-turkiye","tag-chp","tag-kemal-kilicdaroglu","tag-kemal-kilicdaroglu-aciklama"],"acf":[],"_links":{"self":[{"href":"https:\/\/www.nationalturk.com\/tr\/wp-json\/wp\/v2\/posts\/66716","targetHints":{"allow":["GET"]}}],"collection":[{"href":"https:\/\/www.nationalturk.com\/tr\/wp-json\/wp\/v2\/posts"}],"about":[{"href":"https:\/\/www.nationalturk.com\/tr\/wp-json\/wp\/v2\/types\/post"}],"author":[{"embeddable":true,"href":"https:\/\/www.nationalturk.com\/tr\/wp-json\/wp\/v2\/users\/4"}],"replies":[{"embeddable":true,"href":"https:\/\/www.nationalturk.com\/tr\/wp-json\/wp\/v2\/comments?post=66716"}],"version-history":[{"count":0,"href":"https:\/\/www.nationalturk.com\/tr\/wp-json\/wp\/v2\/posts\/66716\/revisions"}],"wp:featuredmedia":[{"embeddable":true,"href":"https:\/\/www.nationalturk.com\/tr\/wp-json\/wp\/v2\/media\/66717"}],"wp:attachment":[{"href":"https:\/\/www.nationalturk.com\/tr\/wp-json\/wp\/v2\/media?parent=66716"}],"wp:term":[{"taxonomy":"category","embeddable":true,"href":"https:\/\/www.nationalturk.com\/tr\/wp-json\/wp\/v2\/categories?post=66716"},{"taxonomy":"post_tag","embeddable":true,"href":"https:\/\/www.nationalturk.com\/tr\/wp-json\/wp\/v2\/tags?post=66716"}],"curies":[{"name":"wp","href":"https:\/\/api.w.org\/{rel}","templated":true}]}}