{"id":66848,"date":"2011-04-25T15:58:51","date_gmt":"2011-04-25T12:58:51","guid":{"rendered":"http:\/\/www.nationalturk.com\/?p=66848"},"modified":"2023-06-20T10:30:56","modified_gmt":"2023-06-20T07:30:56","slug":"borussia-dortmund-nuri-sahin-real-madrid-transferi-66848","status":"publish","type":"post","link":"https:\/\/www.nationalturk.com\/tr\/borussia-dortmund-nuri-sahin-real-madrid-transferi-66848\/","title":{"rendered":"Borussia Dortmund: &#8221; Nuri \u015eahin ile Real Madrid ilgileniyor &#8221;"},"content":{"rendered":"<h1><a href=\"http:\/\/www.nationalturk.com\/tr\/wp-content\/uploads\/2011\/04\/nuri-nin-bonservisi.jpg\"><img loading=\"lazy\" decoding=\"async\" class=\"alignnone size-full wp-image-66863\" src=\"http:\/\/www.nationalturk.com\/tr\/wp-content\/uploads\/2011\/04\/nuri-nin-bonservisi.jpg\" alt=\"\" width=\"610\" height=\"345\" title=\"\"><\/a><\/h1>\n<h1>Bundesliga &#8216; n\u0131n lideri Borussia Dortmund y\u00f6netimi Nuri \u015eahin transferi i\u00e7in Real Madrid &#8216;in devrede oldu\u011funu a\u00e7\u0131klad\u0131\/ Transfer Haberleri<\/h1>\n<p><strong>Almanya\u2019n\u0131n Borussia Dortmund\u00a0genel direkt\u00f6r\u00fc Hans-Joachim Watzke, klub\u00fcn ekonomik yap\u0131s\u0131n\u0131 de\u011ferlendirdi\u011fi bir r\u00f6portajda, Nuri \u015eahin hakk\u0131nda \u00e7\u0131kan transfer s\u00f6ylentilerine de de\u011findi.<\/strong><\/p>\n<p>Watzke, yapt\u0131\u011f\u0131 a\u00e7\u0131klamada, 22 ya\u015f\u0131ndaki T\u00fcrk oyuncunun s\u00f6zle\u015fmesinin 2013\u2019te bitece\u011fini ve Nuri\u2019nin \u015fu anda s\u00f6zle\u015fmesini yenilemeye s\u0131cak bakmad\u0131\u011f\u0131n\u0131 hat\u0131rlatt\u0131.<\/p>\n<p>T\u00fcrk milli tak\u0131m oyuncusu Nuri \u015eahin, s\u00f6zle\u015fmesinde bulunan \u00f6zel bir maddeye g\u00f6re, e\u011fer 2011 senesinde <a href=\"https:\/\/www.bvb.de\/\" target=\"_blank\" rel=\"noopener\">Borussia Dortmund<\/a>&#8216;tan ba\u015fka bir tak\u0131ma transfer olmak isterse, 6 Milyon Euro kar\u015f\u0131l\u0131\u011f\u0131nda serbest kalabilir.<\/p>\n<h2>Borussia Dortmund direkt\u00f6r\u00fc\u00a0Watzke &#8221; Real Madrid d\u0131\u015f\u0131nda da Nuri \u015eahin &#8216;i isteyen b\u00fcy\u00fck kul\u00fcpler var&#8221;<\/h2>\n<p>B\u00fcy\u00fck tak\u0131mlar\u0131n Nuri \u015eahin \u2019in pe\u015finde oldu\u011funu s\u00f6yleyen Watzke, bu tak\u0131mlar aras\u0131nda Real Madrid ad\u0131n\u0131n spek\u00fclasyonlarda \u00f6ne \u00e7\u0131kt\u0131\u011f\u0131n\u0131 s\u00f6yledi. Ancak transfer hakk\u0131nda bas\u0131nda bir\u00e7ok haberin yer ald\u0131\u011f\u0131n\u0131, ancak transfer g\u00f6r\u00fc\u015fmelerinden sadece Nuri \u015eahin, Real Madrid ve Borussia Dortmund &#8216;un haberinin olmad\u0131\u011f\u0131n\u0131 vurgulad\u0131.<\/p>\n<p>Watzke, \u2018\u2018\u015eimdiye kadar benim g\u00f6revde yer ald\u0131\u011f\u0131m s\u00fcre zarf\u0131nda 5 Milyon Euroyu a\u015fan bir oyuncu sat\u0131\u015f\u0131 yapmad\u0131k, ancak y\u00fcksek bir fiyata oyuncu satarsak, y\u0131ld\u0131z oyuncu transferi yapabiliriz&#8221; dedi. Borussia Dortmund genel direkt\u00f6r\u00fc, sezon sonunda elde edecekleri kardan olu\u015fan net gelirin 20 Milyon Euro civar\u0131nda olmas\u0131 halinde ( \u015eL vb.gibi) bunun yakla\u015f\u0131k %50&#8217;lik b\u00f6l\u00fcm\u00fcn\u00fc transferlere ay\u0131rabileceklerini geri kalan k\u0131sm\u0131 ise stadyum, bor\u00e7lar\u0131n \u00f6denmesi gibi yerlere harcayacaklar\u0131n\u0131 ve ayr\u0131ca Nuri \u015eahin&#8217;in yerine <a title=\"\u0130lkay G\u00fcndo\u011fan\" href=\"https:\/\/www.nationalturk.com\/tr\/ilkay-gundogan-borussia-dortmund-transfer-haberleri-68072\/\" target=\"_blank\" rel=\"noopener\">\u0130lkay G\u00fcndo\u011fan<\/a>&#8216;\u0131 haz\u0131rlayacaklar\u0131n\u0131 belirtti.<\/p>\n<p>T\u00fcrk bas\u0131n\u0131nda bug\u00fcn \u00e7\u0131kan haberlerde, Borussia Dortmund&#8217;un sezonu kapatan ve bu sakatl\u0131\u011f\u0131n \u00fcz\u00fcnt\u00fcs\u00fcn\u00fc ya\u015fayan Nuri \u015eahin i\u00e7in 20 Milyon Euro bonservis bedeli belirledi\u011fi haberleri NATIONALTURK taraf\u0131ndan ayd\u0131nlat\u0131lm\u0131\u015f oldu.<\/p>\n<h3>Nuri \u015eahin Kimdir?<\/h3>\n<p>Nuri \u015eahin, 5 Eyl\u00fcl 1988 tarihinde L\u00fcdenscheid, Almanya&#8217;da do\u011fan T\u00fcrk futbolcudur. Orta saha pozisyonunda g\u00f6rev yapmaktad\u0131r. Nuri \u015eahin, hem Almanya hem de T\u00fcrkiye vatanda\u015fl\u0131\u011f\u0131na sahiptir.<\/p>\n<p>Profesyonel futbol kariyerine 2005 y\u0131l\u0131nda Borussia Dortmund kul\u00fcb\u00fcnde ba\u015flad\u0131. 2005-2007 sezonunda Dortmund formas\u0131yla Bundesliga&#8217;da m\u00fccadele etti. 2007 y\u0131l\u0131nda Real Madrid&#8217;e transfer oldu, ancak burada beklenen performans\u0131 g\u00f6steremedi ve daha sonra Liverpool ve Inter Milan gibi kul\u00fcplerde kiral\u0131k olarak forma giydi.<\/p>\n<p>2011-2018 y\u0131llar\u0131 aras\u0131nda Borussia Dortmund&#8217;a geri d\u00f6nen Nuri \u015eahin, bu d\u00f6nemde \u00f6nemli bir rol oynad\u0131. Dortmund formas\u0131yla 2011-2012 sezonunda Bundesliga \u015fampiyonlu\u011fu ya\u015fad\u0131. Ayr\u0131ca, 2012-2013 sezonunda Almanya S\u00fcper Kupas\u0131&#8217;n\u0131 kazanan tak\u0131mda yer ald\u0131.<\/p>\n<p>Milli tak\u0131m d\u00fczeyinde de T\u00fcrkiye&#8217;yi temsil etmektedir. Nuri \u015eahin, T\u00fcrkiye Milli Futbol Tak\u0131m\u0131&#8217;nda 2005 y\u0131l\u0131nda forma giymeye ba\u015flad\u0131. 2011 y\u0131l\u0131nda T\u00fcrkiye&#8217;nin Avusturya&#8217;ya kar\u015f\u0131 oynad\u0131\u011f\u0131 bir haz\u0131rl\u0131k ma\u00e7\u0131nda milli tak\u0131m\u0131n kaptan\u0131 oldu. Toplamda T\u00fcrkiye Milli Tak\u0131m\u0131 formas\u0131yla bir\u00e7ok ma\u00e7a \u00e7\u0131kt\u0131.<\/p>\n<p>Nuri \u015eahin, teknik yetenekleri, top kontrol\u00fc ve pas oyunuyla tan\u0131nan bir futbolcudur. Kariyeri boyunca hem kul\u00fcp d\u00fczeyinde hem de milli tak\u0131mda \u00f6nemli ba\u015far\u0131lar elde etmi\u015ftir.<\/p>\n<h3>Nuri \u015eahin gen\u00e7 tak\u0131mlardaki ba\u015far\u0131s\u0131<\/h3>\n<p>Nuri \u015eahin, gen\u00e7 tak\u0131mlardaki kariyerinde de dikkat \u00e7ekici ba\u015far\u0131lara imza atm\u0131\u015f bir futbolcudur. Gen\u00e7 ya\u015flardan itibaren yetenekleriyle \u00f6n plana \u00e7\u0131kan \u015eahin, Almanya gen\u00e7 milli tak\u0131mlar\u0131nda b\u00fcy\u00fck ba\u015far\u0131lar elde etti.<\/p>\n<p>Almanya U-17 milli tak\u0131m\u0131yla 2005 UEFA Avrupa U-17 \u015eampiyonas\u0131&#8217;nda \u015fampiyonluk ya\u015fad\u0131. Turnuvada g\u00f6sterdi\u011fi performansla dikkatleri \u00fczerine \u00e7eken \u015eahin, turnuva tak\u0131m\u0131na da se\u00e7ildi.<\/p>\n<p>Ayn\u0131 \u015fekilde Almanya U-19 milli tak\u0131m\u0131yla da \u00f6nemli ba\u015far\u0131lara imza att\u0131. 2008 UEFA Avrupa U-19 \u015eampiyonas\u0131&#8217;nda Almanya&#8217;y\u0131 finale ta\u015f\u0131d\u0131 ve turnuvada en iyi oyuncu se\u00e7ildi. Nuri \u015eahin, bu ba\u015far\u0131l\u0131 performans\u0131yla Almanya U-19 milli tak\u0131m\u0131yla FIFA U-20 D\u00fcnya Kupas\u0131&#8217;nda da yer ald\u0131.<\/p>\n<p>Bu ba\u015far\u0131lar, \u015eahin&#8217;in gen\u00e7 ya\u015flardan itibaren futbol d\u00fcnyas\u0131nda dikkat \u00e7eken bir yetenek oldu\u011funu g\u00f6stermi\u015ftir. Ba\u015far\u0131l\u0131 performanslar\u0131, onun k\u0131sa s\u00fcrede profesyonel futbol d\u00fcnyas\u0131na ad\u0131m atmas\u0131n\u0131 sa\u011flam\u0131\u015ft\u0131r.<\/p>\n<h3>Nuri \u015eahin&#8217;in \u00f6zel hayat\u0131<\/h3>\n<p>Nuri \u015eahin, genellikle \u00f6zel hayat\u0131n\u0131 gizli tutan bir futbolcudur. Medyadan \u00e7ok az ki\u015fisel bilgiye sahibiz. Ancak bilinen baz\u0131 detaylar \u015funlard\u0131r:<\/p>\n<p>Nuri \u015eahin, Almanya&#8217;da do\u011fmu\u015f olmas\u0131na ra\u011fmen T\u00fcrk k\u00f6kenlidir. Ailesi T\u00fcrk g\u00f6\u00e7menlerdendir. Hem T\u00fcrk hem de Alman vatanda\u015fl\u0131\u011f\u0131na sahiptir.<\/p>\n<p>2013 y\u0131l\u0131nda Nuri \u015eahin, T\u00fcrk as\u0131ll\u0131 Alman model ve televizyon sunucusu Bilkay \u00d6ney ile evlendi. \u00c7iftin 2014 y\u0131l\u0131nda bir k\u0131z\u0131 d\u00fcnyaya geldi.<\/p>\n<p>Nuri \u015eahin, sosyal medya platformlar\u0131nda da olduk\u00e7a aktiftir. \u00d6zellikle Instagram hesab\u0131n\u0131 kullanarak hayranlar\u0131yla payla\u015f\u0131mlarda bulunur ve g\u00fcncel ya\u015fam\u0131ndan baz\u0131 anlar\u0131 payla\u015f\u0131r.<\/p>\n<p>Bununla birlikte, Nuri \u015eahin, genellikle \u00f6zel hayat\u0131n\u0131 bas\u0131ndan ve kamuya a\u00e7\u0131ktan uzak tutan bir ki\u015filik olarak bilinir. Ki\u015fisel ya\u015fam\u0131yla ilgili daha fazla ayr\u0131nt\u0131ya sahip olmak zor olabilir, \u00e7\u00fcnk\u00fc \u00f6zel alan\u0131n\u0131 korumay\u0131 tercih eder.<\/p>\n<h4 class=\"style-scope ytd-watch-metadata\">Top 5 Goals | Nuri Sahin Video<\/h4>\n<p><iframe loading=\"lazy\" title=\"YouTube video player\" src=\"https:\/\/www.youtube.com\/embed\/7tu7hupR980\" width=\"860\" height=\"430\" frameborder=\"0\" allowfullscreen=\"allowfullscreen\"><\/iframe><\/p>\n<!-- Error, Advert is not available at this time due to schedule\/geolocation restrictions! -->\n","protected":false},"excerpt":{"rendered":"<p>Bundesliga &#8216; n\u0131n lideri Borussia Dortmund y\u00f6netimi Nuri \u015eahin transferi i\u00e7in Real Madrid &#8216;in devrede oldu\u011funu a\u00e7\u0131klad\u0131 Transfer Haberleri<\/p>\n","protected":false},"author":683,"featured_media":66863,"comment_status":"open","ping_status":"open","sticky":false,"template":"","format":"standard","meta":{"_acf_changed":false,"footnotes":""},"categories":[6774,5005,6194],"tags":[46019,46020,68179,5176,10061,68190,39163,66991,2615,8581],"class_list":["post-66848","post","type-post","status-publish","format-standard","has-post-thumbnail","hentry","category-futbol","category-manset","category-spor","tag-borussia-dortmund","tag-borussia-dortmund-nuri-sahin","tag-borussia-dortmund-real-madrid","tag-bundesliga","tag-nationalturk","tag-nuri-real-madrid","tag-nuri-sahin","tag-nuri-sahin-transfer","tag-real-madrid","tag-video"],"acf":[],"_links":{"self":[{"href":"https:\/\/www.nationalturk.com\/tr\/wp-json\/wp\/v2\/posts\/66848","targetHints":{"allow":["GET"]}}],"collection":[{"href":"https:\/\/www.nationalturk.com\/tr\/wp-json\/wp\/v2\/posts"}],"about":[{"href":"https:\/\/www.nationalturk.com\/tr\/wp-json\/wp\/v2\/types\/post"}],"author":[{"embeddable":true,"href":"https:\/\/www.nationalturk.com\/tr\/wp-json\/wp\/v2\/users\/683"}],"replies":[{"embeddable":true,"href":"https:\/\/www.nationalturk.com\/tr\/wp-json\/wp\/v2\/comments?post=66848"}],"version-history":[{"count":0,"href":"https:\/\/www.nationalturk.com\/tr\/wp-json\/wp\/v2\/posts\/66848\/revisions"}],"wp:featuredmedia":[{"embeddable":true,"href":"https:\/\/www.nationalturk.com\/tr\/wp-json\/wp\/v2\/media\/66863"}],"wp:attachment":[{"href":"https:\/\/www.nationalturk.com\/tr\/wp-json\/wp\/v2\/media?parent=66848"}],"wp:term":[{"taxonomy":"category","embeddable":true,"href":"https:\/\/www.nationalturk.com\/tr\/wp-json\/wp\/v2\/categories?post=66848"},{"taxonomy":"post_tag","embeddable":true,"href":"https:\/\/www.nationalturk.com\/tr\/wp-json\/wp\/v2\/tags?post=66848"}],"curies":[{"name":"wp","href":"https:\/\/api.w.org\/{rel}","templated":true}]}}