{"id":66918,"date":"2011-04-25T19:23:37","date_gmt":"2011-04-25T16:23:37","guid":{"rendered":"http:\/\/www.nationalturk.com\/?p=66918"},"modified":"2011-08-08T18:31:58","modified_gmt":"2011-08-08T15:31:58","slug":"insan-kaynaklari-gazete-editorlugu-it-reklam-is-basvurulari-66918","status":"publish","type":"post","link":"https:\/\/www.nationalturk.com\/tr\/insan-kaynaklari-gazete-editorlugu-it-reklam-is-basvurulari-66918\/","title":{"rendered":"\u0130nsan Kaynaklar\u0131 i\u00e7in Gazete Edit\u00f6rl\u00fc\u011f\u00fc, IT ve Reklam \u0130\u015f Ba\u015fvurular\u0131"},"content":{"rendered":"<p><img loading=\"lazy\" decoding=\"async\" class=\"alignnone size-full wp-image-66920\" title=\"\u0130nsan Kaynaklar\u0131\" src=\"http:\/\/www.nationalturk.com\/tr\/wp-content\/uploads\/2011\/04\/mo-insan-kaynaklari.jpg\" alt=\"\" width=\"610\" height=\"247\" srcset=\"https:\/\/www.nationalturk.com\/tr\/wp-content\/uploads\/2011\/04\/mo-insan-kaynaklari.jpg 610w, https:\/\/www.nationalturk.com\/tr\/wp-content\/uploads\/2011\/04\/mo-insan-kaynaklari-280x113.jpg 280w\" sizes=\"auto, (max-width: 610px) 100vw, 610px\" \/><\/p>\n<p><strong>Medya Olu\u015fum i\u015f ba\u015fvurular\u0131 i\u00e7in a\u015fa\u011f\u0131daki \u00f6zelliklere sahipseniz \u0130nsan Kaynaklar\u0131 departman\u0131 ileti\u015fim adresine CV&#8217;nizi g\u00f6nderebilirsiniz.<\/strong><\/p>\n<p>&nbsp;<\/p>\n<p><strong>Editoryal:<\/strong><\/p>\n<p>&#8211; Gazete Edit\u00f6rl\u00fc\u011f\u00fc,<\/p>\n<p>&#8211;\u00a0Metin yarat\u0131c\u0131l\u0131\u011f\u0131,<\/p>\n<p>&nbsp;<\/p>\n<p><strong> IT departman\u0131 i\u00e7in:<\/strong><\/p>\n<p>&#8211;\u00a0Web Sitesi Programlama ve Y\u00f6netimi,<\/p>\n<p>&#8211; Blog uygulamalar\u0131 ve Tema Yarat\u0131c\u0131l\u0131\u011f\u0131,<\/p>\n<p>&#8211; Photoshop uygulamalar\u0131,<\/p>\n<p>&#8211; PHP\/ MySQL, HTML\/CSS programlama bilgileri vb.<\/p>\n<p>&nbsp;<\/p>\n<p><strong>Reklam departman\u0131 i\u00e7in:<\/strong><\/p>\n<p>&#8211; Medya Pazarlama i\u00e7in deneyimli,<\/p>\n<p>&#8211; Reklamc\u0131l\u0131k alan\u0131nda yeti\u015ftirilmek \u00fczere e\u011fitim g\u00f6ren.<\/p>\n<p>&nbsp;<\/p>\n<p>Not: T\u00fcm ba\u015fvurularda Taksim b\u00f6lgesine yak\u0131n ikamet edenlerin\u00a0Full Time, B\u00f6lgeye uzak olanlar\u0131nda Part Time \u00e7al\u0131\u015fma alternatifi s\u00f6z konusu olabilmektedir.<\/p>\n<p>&nbsp;<\/p>\n<p><strong>Ba\u015fvurular\u0131n\u0131z i\u00e7in <a href=\"mailto:ik@medyaolusum.com\">ik@medyaolusum.com<\/a> adresine CV&#8217;nizi g\u00f6nderebilirsiniz.<\/strong><\/p>\n","protected":false},"excerpt":{"rendered":"<p>Medya Olu\u015fum i\u015f ba\u015fvurular\u0131 i\u00e7in a\u015fa\u011f\u0131daki \u00f6zelliklere sahipseniz \u0130nsan Kaynaklar\u0131 departman\u0131 ileti\u015fim adresine CV\u2019nizi g\u00f6nderebilirsiniz.<\/p>\n","protected":false},"author":6,"featured_media":66920,"comment_status":"open","ping_status":"open","sticky":false,"template":"","format":"standard","meta":{"_acf_changed":false,"footnotes":""},"categories":[1],"tags":[60697],"class_list":["post-66918","post","type-post","status-publish","format-standard","has-post-thumbnail","hentry","category-nationalturk","tag-insan-kaynaklari"],"acf":[],"_links":{"self":[{"href":"https:\/\/www.nationalturk.com\/tr\/wp-json\/wp\/v2\/posts\/66918","targetHints":{"allow":["GET"]}}],"collection":[{"href":"https:\/\/www.nationalturk.com\/tr\/wp-json\/wp\/v2\/posts"}],"about":[{"href":"https:\/\/www.nationalturk.com\/tr\/wp-json\/wp\/v2\/types\/post"}],"author":[{"embeddable":true,"href":"https:\/\/www.nationalturk.com\/tr\/wp-json\/wp\/v2\/users\/6"}],"replies":[{"embeddable":true,"href":"https:\/\/www.nationalturk.com\/tr\/wp-json\/wp\/v2\/comments?post=66918"}],"version-history":[{"count":0,"href":"https:\/\/www.nationalturk.com\/tr\/wp-json\/wp\/v2\/posts\/66918\/revisions"}],"wp:featuredmedia":[{"embeddable":true,"href":"https:\/\/www.nationalturk.com\/tr\/wp-json\/wp\/v2\/media\/66920"}],"wp:attachment":[{"href":"https:\/\/www.nationalturk.com\/tr\/wp-json\/wp\/v2\/media?parent=66918"}],"wp:term":[{"taxonomy":"category","embeddable":true,"href":"https:\/\/www.nationalturk.com\/tr\/wp-json\/wp\/v2\/categories?post=66918"},{"taxonomy":"post_tag","embeddable":true,"href":"https:\/\/www.nationalturk.com\/tr\/wp-json\/wp\/v2\/tags?post=66918"}],"curies":[{"name":"wp","href":"https:\/\/api.w.org\/{rel}","templated":true}]}}