{"id":67298,"date":"2011-04-28T16:52:56","date_gmt":"2011-04-28T13:52:56","guid":{"rendered":"http:\/\/www.nationalturk.com\/?p=67298"},"modified":"2011-07-01T16:19:24","modified_gmt":"2011-07-01T13:19:24","slug":"kemal-kilicdaroglu-balikesir-konusmasi-67298","status":"publish","type":"post","link":"https:\/\/www.nationalturk.com\/tr\/kemal-kilicdaroglu-balikesir-konusmasi-67298\/","title":{"rendered":"Kemal K\u0131l\u0131\u00e7daro\u011flu Bal\u0131kesir&#8217;de konu\u015ftu! &#8220;\u00c7\u0131lg\u0131n projelerin pe\u015finde de\u011filiz&#8221;"},"content":{"rendered":"<h1>Cumhuriyet Halk Partisi (CHP) Genel Ba\u015fkan\u0131 Kemal K\u0131l\u0131\u00e7daro\u011flu Bal\u0131kesir&#8217;de d\u00fczenlenen mitingde Ba\u015fbakan Erdo\u011fan&#8217;\u0131n a\u00e7\u0131klad\u0131\u011f\u0131 \u00e7\u0131lg\u0131n projeyi ele\u015ftirdi.<\/h1>\n<p>Bal\u0131kesir kent merkezindeki Kuvvai Milliye Meydan\u0131&#8217;nda halka seslenen Kemal K\u0131l\u0131\u00e7daro\u011flu, parti olarak \u00e7\u0131lg\u0131n projelerin pe\u015finde olmad\u0131klar\u0131n\u0131 ifade ederek &#8220;Bizim projelerimiz K\u00fcbralar\u0131n annelerinin kuca\u011f\u0131nda a\u00e7l\u0131ktan \u00f6lmemesiyle ilgili. Bizim projelerimiz \u00e7\u00f6pten ka\u011f\u0131t toplayan, okula gitmek yerine \u00e7\u00f6plerden ka\u011f\u0131t yoklayan \u00e7ocuklar\u0131 oralardan al\u0131p annelerin babalar\u0131n huzur i\u00e7inde ya\u015fad\u0131\u011f\u0131, ekonomik g\u00fcvencesi oldu\u011fu bir ortam i\u00e7inde onlar\u0131 okula g\u00f6ndermektir. Onlar bizim gelece\u011fimizdir diyoruz. \u00c7ocuklar\u0131m\u0131za sahip \u00e7\u0131k\u0131yoruz. E\u011fer Hakkari&#8217;de bir \u00e7ocuk \u00e7\u00f6pl\u00fckten ka\u011f\u0131t toplarken kamyonun alt\u0131nda kal\u0131p \u00f6l\u00fcyorsa o ay\u0131p 21. y\u00fczy\u0131l\u0131n T\u00fcrkiyesi&#8217;nde iktidar\u0131n ay\u0131b\u0131d\u0131r&#8221; dedi.<\/p>\n<p>Kemal K\u0131l\u0131\u00e7daro\u011flu, i\u015f\u00e7iye, \u00e7ift\u00e7iye, memura, emekliye hizmet veren bir siyaset anlay\u0131\u015f\u0131na sahip olduklar\u0131n\u0131 dile getirerek &#8220;Size hesap verece\u011fiz. Toplad\u0131\u011f\u0131m\u0131z her kuru\u015fun her verginin hesab\u0131n\u0131 verece\u011fiz. Biz bunu ayn\u0131 zamanda namuslu bir g\u00f6rev kabul edece\u011fiz. Bizim anlay\u0131\u015f\u0131m\u0131zla onlar\u0131n anlay\u0131\u015f\u0131 aras\u0131nda da\u011flar kadar fark var&#8221; diye konu\u015ftu.<\/p>\n<p>YGS sonu\u00e7lar\u0131n\u0131n a\u00e7\u0131klanmas\u0131na da de\u011finen Kemal K\u0131l\u0131\u00e7daro\u011flu, \u00d6SYM Ba\u015fkan\u0131 Ali Demir&#8217;i sert s\u00f6zlerle ele\u015ftirerek &#8220;Ar damar\u0131 \u00e7atlam\u0131\u015f bir adam istifa eder mi? Hala oturuyorsun o koltukta, 1 milyon 700 bin \u00e7ocu\u011fun g\u00fcnah\u0131n\u0131 ta\u015f\u0131yorsun omuzlar\u0131nda. Gen\u00e7ler &#8216;bizim \u015fifre hakk\u0131m\u0131z yok mu?&#8217; diyor.&#8221; Gen\u00e7ler bunu g\u00fclerek s\u00f6yl\u00fcyor. Ancak\u00a01 milyon 700 bin gencin hayalini k\u0131rmak, umutlar\u0131yla oynamak hi\u00e7 kimsenin elinde olmamal\u0131. \u00a0\u00c7ocuklar\u0131m\u0131z\u0131 al\u0131yoruz, yemeyip yediriyoruz, i\u00e7meyip i\u00e7iriyoruz, giymeyip giydiriyoruz. Dershanelere g\u00f6nderiyoruz, bizden daha iyi yeti\u015fsinler, okusunlar, i\u015f g\u00fc\u00e7 sahibi olsunlar, kimseye muhta\u00e7 olmas\u0131nlar diye. Bir bakt\u0131k s\u0131navlar \u015fifreli. \u00d6nce &#8216;yok&#8217; dediler. &#8216;Zinhar b\u00f6yle bir \u015fey yok.&#8217; Arkadan, &#8216;ya var ama galiba sehven olmu\u015f&#8217; dediler. Onu da ge\u00e7ti &#8216;ya var ama ne yapal\u0131m bir sefer oldu.&#8217; Bunu s\u00f6yleyen ki\u015fi, 1 milyon 700 bin gencin umutlar\u0131yla oynayan ki\u015fi. 1 milyon 700 bin aile demek. Bu ailelerin gelece\u011fiyle, umutlar\u0131yla, \u00e7ocuklar\u0131yla oynayan ki\u015fi, o koltu\u011funda oturabilir mi? O koltukta oturmal\u0131 m\u0131? \u0130stifa etmesi laz\u0131m de\u011fil mi? Peki istifa eder mi? Siz de biliyorsunuz yan\u0131t\u0131n\u0131, ben de biliyorum. Niye istifa etmez? Ar damar\u0131 \u00e7atlam\u0131\u015f bir adam istifa eder mi? Hala oturuyorsun o koltukta, 1 milyon 700 bin \u00e7ocu\u011fun g\u00fcnah\u0131n\u0131 ta\u015f\u0131yorsun omuzlar\u0131nda. Peki bir b\u00fcrokrat niye istifa etmez? \u00c7\u00fcnk\u00fc arkas\u0131nda siyasi g\u00fc\u00e7 var, \u00e7\u00fcnk\u00fc arkas\u0131nda birileri onu destekliyor&#8221; ifadelerini kulland\u0131.<\/p>\n<span style=\"font-weight: bold; color: #f00;\">Error, group does not exist! Check your syntax! (ID: 62)<\/span>\n<!-- Error, Advert is not available at this time due to schedule\/geolocation restrictions! -->\n","protected":false},"excerpt":{"rendered":"<p>Cumhuriyet Halk Partisi (CHP) Genel Ba\u015fkan\u0131 Kemal K\u0131l\u0131\u00e7daro\u011flu Bal\u0131kesir&#8217;de d\u00fczenlenen mitingde Ba\u015fbakan Erdo\u011fan&#8217;\u0131n a\u00e7\u0131klad\u0131\u011f\u0131 \u00e7\u0131lg\u0131n projeyi ele\u015ftirdi.<\/p>\n","protected":false},"author":4,"featured_media":67299,"comment_status":"open","ping_status":"open","sticky":false,"template":"","format":"standard","meta":{"_acf_changed":false,"footnotes":""},"categories":[6155,5005,6202,6805],"tags":[67250,11984,8723,68540,11020,5115,36288,23113],"class_list":["post-67298","post","type-post","status-publish","format-standard","has-post-thumbnail","hentry","category-gundem","category-manset","category-politika","category-turkiye","tag-ali-demir","tag-balikesir","tag-chp","tag-chp-balikesir","tag-hakkari","tag-kemal-kilicdaroglu","tag-kemal-kilicdaroglu-miting","tag-ygs-sonuclari"],"acf":[],"_links":{"self":[{"href":"https:\/\/www.nationalturk.com\/tr\/wp-json\/wp\/v2\/posts\/67298","targetHints":{"allow":["GET"]}}],"collection":[{"href":"https:\/\/www.nationalturk.com\/tr\/wp-json\/wp\/v2\/posts"}],"about":[{"href":"https:\/\/www.nationalturk.com\/tr\/wp-json\/wp\/v2\/types\/post"}],"author":[{"embeddable":true,"href":"https:\/\/www.nationalturk.com\/tr\/wp-json\/wp\/v2\/users\/4"}],"replies":[{"embeddable":true,"href":"https:\/\/www.nationalturk.com\/tr\/wp-json\/wp\/v2\/comments?post=67298"}],"version-history":[{"count":0,"href":"https:\/\/www.nationalturk.com\/tr\/wp-json\/wp\/v2\/posts\/67298\/revisions"}],"wp:featuredmedia":[{"embeddable":true,"href":"https:\/\/www.nationalturk.com\/tr\/wp-json\/wp\/v2\/media\/67299"}],"wp:attachment":[{"href":"https:\/\/www.nationalturk.com\/tr\/wp-json\/wp\/v2\/media?parent=67298"}],"wp:term":[{"taxonomy":"category","embeddable":true,"href":"https:\/\/www.nationalturk.com\/tr\/wp-json\/wp\/v2\/categories?post=67298"},{"taxonomy":"post_tag","embeddable":true,"href":"https:\/\/www.nationalturk.com\/tr\/wp-json\/wp\/v2\/tags?post=67298"}],"curies":[{"name":"wp","href":"https:\/\/api.w.org\/{rel}","templated":true}]}}