{"id":67341,"date":"2011-04-29T10:34:43","date_gmt":"2011-04-29T07:34:43","guid":{"rendered":"http:\/\/www.nationalturk.com\/?p=67341"},"modified":"2011-04-29T10:34:43","modified_gmt":"2011-04-29T07:34:43","slug":"tugce-anlas-cinayeti-mahkemesi-67341","status":"publish","type":"post","link":"https:\/\/www.nationalturk.com\/tr\/tugce-anlas-cinayeti-mahkemesi-67341\/","title":{"rendered":"Tu\u011f\u00e7e Anla\u015f cinayetinde son geli\u015fme"},"content":{"rendered":"<h1><img loading=\"lazy\" decoding=\"async\" class=\"alignleft size-medium wp-image-67346\" title=\"Tu\u011f\u00e7e Anla\u015f\" src=\"http:\/\/www.nationalturk.com\/tr\/wp-content\/uploads\/2011\/04\/tugce_anlas_olayyeri-280x209.jpg\" alt=\"\" width=\"280\" height=\"209\" srcset=\"https:\/\/www.nationalturk.com\/tr\/wp-content\/uploads\/2011\/04\/tugce_anlas_olayyeri-280x209.jpg 280w, https:\/\/www.nationalturk.com\/tr\/wp-content\/uploads\/2011\/04\/tugce_anlas_olayyeri.jpg 423w\" sizes=\"auto, (max-width: 280px) 100vw, 280px\" \/>Kas\u0131m 2009&#8217;da i\u015flenen Tu\u011f\u00e7e Anla\u015f cinayetinin katil zanl\u0131s\u0131 Malik E. cezaevinde haz\u0131rlad\u0131\u011f\u0131 yaz\u0131l\u0131 ifadesinde su\u00e7unu itiraf etti.<\/h1>\n<p>Malik E., \u00f6nceki duru\u015fmalarda su\u00e7lamalar\u0131 kabul etmemi\u015fti. 28 yerinden b\u0131\u00e7aklanm\u0131\u015f bir \u015fekilde cesedi bulunan Tu\u011f\u00e7e Anla\u015f cinayeti ile ilgili duru\u015fma\u00a05. A\u011f\u0131r Ceza Mahkemesi\u2019nde ger\u00e7ekle\u015ftirildi. San\u0131k Malik E. (20) ile ona yard\u0131m etti\u011fi iddia edilen Atilla P. (38) duru\u015fmada haz\u0131r bulunurken Malik E. mahkemeye yaz\u0131l\u0131 olarak ifade verdi.<\/p>\n<p>\u0130fadesinde mahkeme ba\u015fkan\u0131ndan yalan s\u00f6yledi\u011fi i\u00e7in \u00f6z\u00fcr dileyen Malik E., &#8220;Bu olay\u0131 san\u0131k Atilla P. yapmad\u0131. Onun olay s\u0131ras\u0131ndaki konumunu da, bu olayla ilgili detaylar\u0131 da gelecek duru\u015fmada anlataca\u011f\u0131m&#8221; dedi. Yaz\u0131l\u0131 ifadesinde su\u00e7unu itiraf eden Malik E. daha sonra mahkeme salonunda bulunan Tu\u011f\u00e7e Anla\u015f&#8217;\u0131n yak\u0131nlar\u0131n\u0131 tehdit etti. Malik E. &#8220;Bu size m\u00fcstahak. G\u00fcc\u00fcn\u00fcz yeterse benimle u\u011fra\u015f\u0131n. Ben senin can\u0131n\u0131 ald\u0131m. Sen de benim can\u0131m\u0131 almazsan adam de\u011filsin. Sizden daha 5 ki\u015finin can\u0131n\u0131 alaca\u011f\u0131m\u201d diye ba\u011f\u0131rd\u0131.<\/p>\n<p>Mahkeme, Malik E.&#8217;nin ak\u0131l sa\u011fl\u0131\u011f\u0131n\u0131n yerinde olup olmad\u0131\u011f\u0131n\u0131n belirlenmesi i\u00e7in duru\u015fmay\u0131 ileri bir tarihe erteledi.<\/p>\n<!-- Error, Advert is not available at this time due to schedule\/geolocation restrictions! -->\n","protected":false},"excerpt":{"rendered":"<p>Kas\u0131m 2009&#8217;da i\u015flenen Tu\u011f\u00e7e Anla\u015f cinayetinin katil zanl\u0131s\u0131 Malik E. cezaevinde haz\u0131rlad\u0131\u011f\u0131 yaz\u0131l\u0131 ifadesinde su\u00e7unu itiraf etti.<\/p>\n","protected":false},"author":4,"featured_media":67346,"comment_status":"open","ping_status":"open","sticky":false,"template":"","format":"standard","meta":{"_acf_changed":false,"footnotes":""},"categories":[5005,6805],"tags":[2933,10152,10153,68580],"class_list":["post-67341","post","type-post","status-publish","format-standard","has-post-thumbnail","hentry","category-manset","category-turkiye","tag-adana","tag-tugce-anlas","tag-tugce-anlas-cinayeti","tag-tugce-anlas-davasi"],"acf":[],"_links":{"self":[{"href":"https:\/\/www.nationalturk.com\/tr\/wp-json\/wp\/v2\/posts\/67341","targetHints":{"allow":["GET"]}}],"collection":[{"href":"https:\/\/www.nationalturk.com\/tr\/wp-json\/wp\/v2\/posts"}],"about":[{"href":"https:\/\/www.nationalturk.com\/tr\/wp-json\/wp\/v2\/types\/post"}],"author":[{"embeddable":true,"href":"https:\/\/www.nationalturk.com\/tr\/wp-json\/wp\/v2\/users\/4"}],"replies":[{"embeddable":true,"href":"https:\/\/www.nationalturk.com\/tr\/wp-json\/wp\/v2\/comments?post=67341"}],"version-history":[{"count":0,"href":"https:\/\/www.nationalturk.com\/tr\/wp-json\/wp\/v2\/posts\/67341\/revisions"}],"wp:featuredmedia":[{"embeddable":true,"href":"https:\/\/www.nationalturk.com\/tr\/wp-json\/wp\/v2\/media\/67346"}],"wp:attachment":[{"href":"https:\/\/www.nationalturk.com\/tr\/wp-json\/wp\/v2\/media?parent=67341"}],"wp:term":[{"taxonomy":"category","embeddable":true,"href":"https:\/\/www.nationalturk.com\/tr\/wp-json\/wp\/v2\/categories?post=67341"},{"taxonomy":"post_tag","embeddable":true,"href":"https:\/\/www.nationalturk.com\/tr\/wp-json\/wp\/v2\/tags?post=67341"}],"curies":[{"name":"wp","href":"https:\/\/api.w.org\/{rel}","templated":true}]}}