{"id":67546,"date":"2011-05-02T10:21:44","date_gmt":"2011-05-02T07:21:44","guid":{"rendered":"http:\/\/www.nationalturk.com\/?p=67546"},"modified":"2011-05-02T10:24:46","modified_gmt":"2011-05-02T07:24:46","slug":"usame-bin-ladin-oldu-cesedinin-fotografi-67546","status":"publish","type":"post","link":"https:\/\/www.nationalturk.com\/tr\/usame-bin-ladin-oldu-cesedinin-fotografi-67546\/","title":{"rendered":"Usame Bin Ladin \u00f6ld\u00fc \/ Cesedinin foto\u011fraf\u0131 yay\u0131nland\u0131"},"content":{"rendered":"<h1>\n<figure id=\"attachment_67547\" aria-describedby=\"caption-attachment-67547\" style=\"width: 610px\" class=\"wp-caption alignnone\"><img loading=\"lazy\" decoding=\"async\" class=\"size-full wp-image-67547\" title=\"Usame Bin Ladin&#039;in cesedi\" src=\"http:\/\/www.nationalturk.com\/tr\/wp-content\/uploads\/2011\/05\/bin_ladinin_cesedi.jpeg\" alt=\"\" width=\"610\" height=\"333\"><figcaption id=\"caption-attachment-67547\" class=\"wp-caption-text\">Usame Bin Ladin&#39;in cesedi<\/figcaption><\/figure>\n<p>El Kaide ter\u00f6r \u00f6rg\u00fct\u00fc lideri Usame bin Ladin \u00f6ld\u00fc \/ ABD Ba\u015fkan\u0131 Barack Obama&#8217;n\u0131n talimat\u0131yla d\u00fczenlenen operasyonla Usame bin Ladin Pakistan&#8217;da \u00f6ld\u00fcr\u00fcld\u00fc. Usame bin Ladin \u00f6ld\u00fc \/ \u0130\u015fte cesedinin foto\u011fraf\u0131&#8230;<\/h1>\n<p>Pakistan devlet televizyonunun yay\u0131nlad\u0131\u011f\u0131 g\u00f6r\u00fcnt\u00fclerde Usame bin Ladin \u00f6ld\u00fc haberleri de adeta do\u011fruland\u0131. Yay\u0131nlanan foto\u011frafta\u00a0Usame bin Ladin&#8217;in cesedinde y\u00fcz\u00fcn\u00fcn b\u00fcy\u00fck b\u00f6l\u00fcm\u00fcn\u00fcn par\u00e7aland\u0131\u011f\u0131 g\u00f6r\u00fcl\u00fcyor. ABD&#8217;li yetkililer\u00a0Usame bin Ladin&#8217;in cesedinin \u0130slami usullere uygun olarak saklanaca\u011f\u0131n\u0131 a\u00e7\u0131klam\u0131\u015ft\u0131. Pakistan kanal\u0131nda yay\u0131nlanan g\u00f6r\u00fcnt\u00fcler t\u00fcm d\u00fcnya televizyonlar\u0131nda yay\u0131nlanmaya ba\u015flad\u0131. G\u00f6r\u00fcnt\u00fclerin yay\u0131nlanmas\u0131n\u0131n ard\u0131ndan ABD&#8217;deki sevin\u00e7 g\u00f6sterilerinde co\u015fku daha da artt\u0131.<\/p>\n<span style=\"font-weight: bold; color: #f00;\">Error, group does not exist! Check your syntax! (ID: 79)<\/span>\n<span style=\"font-weight: bold; color: #f00;\">Error, group does not exist! Check your syntax! (ID: 61)<\/span>\n","protected":false},"excerpt":{"rendered":"<p>El Kaide ter\u00f6r \u00f6rg\u00fct\u00fc lideri Usame bin Ladin \u00f6ld\u00fc \/ ABD Ba\u015fkan\u0131 Barack Obama&#8217;n\u0131n talimat\u0131yla d\u00fczenlenen operasyonla Usame bin Ladin Pakistan&#8217;da \u00f6ld\u00fcr\u00fcld\u00fc. Usame bin Ladin \u00f6ld\u00fc \/ \u0130\u015fte cesedinin foto\u011fraf\u0131&#8230;<\/p>\n","protected":false},"author":4,"featured_media":67547,"comment_status":"open","ping_status":"open","sticky":false,"template":"","format":"standard","meta":{"_acf_changed":false,"footnotes":""},"categories":[6768,6769,6665,6155,5005,6772,6202],"tags":[8942,2547,51051,68760,68762,68761,68765,68763,68764,68741,68743,68742,68745,68750,68751,68744],"class_list":["post-67546","post","type-post","status-publish","format-standard","has-post-thumbnail","hentry","category-amerika","category-asya","category-dunya","category-gundem","category-manset","category-ortadogu","category-politika","tag-el-kaide","tag-pakistan","tag-usame-bin-ladin","tag-usame-bin-ladin-cesedi","tag-usame-bin-ladin-cesedi-fotograf","tag-usame-bin-ladin-fotograf","tag-usame-bin-ladin-fotografi","tag-usame-bin-ladin-in-cesedi","tag-usame-bin-ladin-in-cesedi-fotograf","tag-usame-bin-ladin-oldu","tag-usame-bin-ladin-oldu-mu","tag-usame-bin-ladin-olduruldu","tag-usame-bin-ladin-olduruldu-mu","tag-usame-bin-ladin-olmedi","tag-usame-bin-ladin-olmedi-iddiasi","tag-usame-bin-latin-oldu-mu"],"acf":[],"_links":{"self":[{"href":"https:\/\/www.nationalturk.com\/tr\/wp-json\/wp\/v2\/posts\/67546","targetHints":{"allow":["GET"]}}],"collection":[{"href":"https:\/\/www.nationalturk.com\/tr\/wp-json\/wp\/v2\/posts"}],"about":[{"href":"https:\/\/www.nationalturk.com\/tr\/wp-json\/wp\/v2\/types\/post"}],"author":[{"embeddable":true,"href":"https:\/\/www.nationalturk.com\/tr\/wp-json\/wp\/v2\/users\/4"}],"replies":[{"embeddable":true,"href":"https:\/\/www.nationalturk.com\/tr\/wp-json\/wp\/v2\/comments?post=67546"}],"version-history":[{"count":0,"href":"https:\/\/www.nationalturk.com\/tr\/wp-json\/wp\/v2\/posts\/67546\/revisions"}],"wp:featuredmedia":[{"embeddable":true,"href":"https:\/\/www.nationalturk.com\/tr\/wp-json\/wp\/v2\/media\/67547"}],"wp:attachment":[{"href":"https:\/\/www.nationalturk.com\/tr\/wp-json\/wp\/v2\/media?parent=67546"}],"wp:term":[{"taxonomy":"category","embeddable":true,"href":"https:\/\/www.nationalturk.com\/tr\/wp-json\/wp\/v2\/categories?post=67546"},{"taxonomy":"post_tag","embeddable":true,"href":"https:\/\/www.nationalturk.com\/tr\/wp-json\/wp\/v2\/tags?post=67546"}],"curies":[{"name":"wp","href":"https:\/\/api.w.org\/{rel}","templated":true}]}}