{"id":67711,"date":"2011-05-03T11:10:50","date_gmt":"2011-05-03T08:10:50","guid":{"rendered":"http:\/\/www.nationalturk.com\/?p=67711"},"modified":"2011-05-03T11:10:50","modified_gmt":"2011-05-03T08:10:50","slug":"izmir-chp-operasyon-cemil-cicek-67711","status":"publish","type":"post","link":"https:\/\/www.nationalturk.com\/tr\/izmir-chp-operasyon-cemil-cicek-67711\/","title":{"rendered":"Cemil \u00c7i\u00e7ek: \u0130zmir&#8217;deki operasyonun h\u00fck\u00fcmetle ilgisi yok"},"content":{"rendered":"<h1><img loading=\"lazy\" decoding=\"async\" class=\"alignleft size-medium wp-image-67712\" title=\"Cemil \u00c7i\u00e7ek\" src=\"http:\/\/www.nationalturk.com\/tr\/wp-content\/uploads\/2011\/05\/cemil_cicekkk-280x188.jpg\" alt=\"\" width=\"280\" height=\"188\" srcset=\"https:\/\/www.nationalturk.com\/tr\/wp-content\/uploads\/2011\/05\/cemil_cicekkk-280x188.jpg 280w, https:\/\/www.nationalturk.com\/tr\/wp-content\/uploads\/2011\/05\/cemil_cicekkk.jpg 400w\" sizes=\"auto, (max-width: 280px) 100vw, 280px\" \/>Devlet Bakan\u0131 ve Ba\u015fbakan Yard\u0131mc\u0131s\u0131 Cemil \u00c7i\u00e7ek, \u0130zmir B\u00fcy\u00fck\u015fehir Belediyesi&#8217;ne y\u00f6nelik operasyonlar\u0131n h\u00fck\u00fcmetle bir ilgisinin bulunmad\u0131\u011f\u0131n\u0131 s\u00f6yledi.<\/h1>\n<p>Ankara&#8217;da meyve sebze hali esnaf\u0131n\u0131 ziyaret ettikten sonra gazetecilerin g\u00fcndeme ili\u015fkin sorular\u0131n\u0131 cevaplayan \u00c7i\u00e7ek, CHP&#8217;li belediyelere y\u00f6nelik operasyonlara ili\u015fkin evvela hukuki y\u00f6n\u00fcne bakmak gerekti\u011fini belirtti.<\/p>\n<p>Bu i\u015fin bir yarg\u0131sal i\u015f, yarg\u0131sal faaliyet oldu\u011funu dile getiren \u00c7i\u00e7ek, \u015funlar\u0131 ifade etti: &#8220;Bu soru\u015fturma hi\u00e7bir \u015fekilde siyasi iktidarla ili\u015fkilendirilemez. Bize haks\u0131zl\u0131k yap\u0131l\u0131yor, hukuk d\u0131\u015f\u0131 yorum getirilmi\u015f oluyor. Nas\u0131l, nerede bitecek, asl\u0131 ne, karar\u0131n ne olup olmad\u0131\u011f\u0131n\u0131 yarg\u0131 kendisi \u00e7\u00f6zecektir. Yarg\u0131sal bir faaliyet konusunda siyasilere soru sorulmas\u0131n\u0131 da sak\u0131ncal\u0131 buluyoruz. Cevap versen bir t\u00fcrl\u00fc vermesen bir t\u00fcrl\u00fc. Cevap verince dedikoku merkezine, istismar\u0131n merkezine oturuyorsun. Yarg\u0131sal bir faaliyet. Hatas\u0131 sevab\u0131yla h\u00fck\u00fcmet, AK Parti ile bir alakas\u0131 yok. Art niyet, istismar kokan bir de\u011ferlendirmedir.<\/p>\n<p>Vatanda\u015fa projesi olmayanlar bu t\u00fcr olaylar\u0131 istismar ediyor. Karanl\u0131\u011fa kur\u015fun s\u0131kaca\u011f\u0131na kim bu i\u015flemi yapm\u0131\u015f ortaya koymalar\u0131 gerekiyor. Siyasi zeminde yap\u0131lan tart\u0131\u015fmadan rahats\u0131z\u0131z. Olaya h\u00fck\u00fcmeti \u00e7ekmeyi yak\u0131\u015f\u0131ks\u0131z buluyorum. G\u00f6zda\u011f\u0131n\u0131 hukuk verir. Her konu siyaset ba\u011flant\u0131l\u0131 tart\u0131\u015f\u0131ld\u0131\u011f\u0131 i\u00e7in bir \u00e7\u00f6z\u00fcm bulam\u0131yoruz. Soru\u015fturman\u0131n zamanlamas\u0131 bize sorularak yap\u0131lan bir \u015fey de\u011fil.&#8221;<\/p>\n<!-- Error, Advert is not available at this time due to schedule\/geolocation restrictions! -->\n<!-- Error, Advert is not available at this time due to schedule\/geolocation restrictions! -->\n","protected":false},"excerpt":{"rendered":"<p>Devlet Bakan\u0131 ve Ba\u015fbakan Yard\u0131mc\u0131s\u0131 Cemil \u00c7i\u00e7ek, \u0130zmir B\u00fcy\u00fck\u015fehir Belediyesi&#8217;ne y\u00f6nelik operasyonlar\u0131n h\u00fck\u00fcmetle bir ilgisinin bulunmad\u0131\u011f\u0131n\u0131 s\u00f6yledi.<\/p>\n","protected":false},"author":4,"featured_media":67712,"comment_status":"open","ping_status":"open","sticky":false,"template":"","format":"standard","meta":{"_acf_changed":false,"footnotes":""},"categories":[6155,5005,6202,6805],"tags":[9476,1080,8723,68879,1681,30137,68771,23165],"class_list":["post-67711","post","type-post","status-publish","format-standard","has-post-thumbnail","hentry","category-gundem","category-manset","category-politika","category-turkiye","tag-akp","tag-cemil-cicek","tag-chp","tag-chp-operasyon","tag-izmir","tag-izmir-buyuksehir-belediyesi","tag-izmir-buyuksehir-belediyesi-operasyon","tag-izmir-operasyon"],"acf":[],"_links":{"self":[{"href":"https:\/\/www.nationalturk.com\/tr\/wp-json\/wp\/v2\/posts\/67711","targetHints":{"allow":["GET"]}}],"collection":[{"href":"https:\/\/www.nationalturk.com\/tr\/wp-json\/wp\/v2\/posts"}],"about":[{"href":"https:\/\/www.nationalturk.com\/tr\/wp-json\/wp\/v2\/types\/post"}],"author":[{"embeddable":true,"href":"https:\/\/www.nationalturk.com\/tr\/wp-json\/wp\/v2\/users\/4"}],"replies":[{"embeddable":true,"href":"https:\/\/www.nationalturk.com\/tr\/wp-json\/wp\/v2\/comments?post=67711"}],"version-history":[{"count":0,"href":"https:\/\/www.nationalturk.com\/tr\/wp-json\/wp\/v2\/posts\/67711\/revisions"}],"wp:featuredmedia":[{"embeddable":true,"href":"https:\/\/www.nationalturk.com\/tr\/wp-json\/wp\/v2\/media\/67712"}],"wp:attachment":[{"href":"https:\/\/www.nationalturk.com\/tr\/wp-json\/wp\/v2\/media?parent=67711"}],"wp:term":[{"taxonomy":"category","embeddable":true,"href":"https:\/\/www.nationalturk.com\/tr\/wp-json\/wp\/v2\/categories?post=67711"},{"taxonomy":"post_tag","embeddable":true,"href":"https:\/\/www.nationalturk.com\/tr\/wp-json\/wp\/v2\/tags?post=67711"}],"curies":[{"name":"wp","href":"https:\/\/api.w.org\/{rel}","templated":true}]}}