{"id":6774,"date":"2009-10-25T11:05:35","date_gmt":"2009-10-25T08:05:35","guid":{"rendered":"http:\/\/www.nationalturk.com\/?p=6774"},"modified":"2009-10-25T11:05:35","modified_gmt":"2009-10-25T08:05:35","slug":"yaz-saati-uygulamasi","status":"publish","type":"post","link":"https:\/\/www.nationalturk.com\/tr\/yaz-saati-uygulamasi\/","title":{"rendered":"Yaz saati uygulamas\u0131 sona erdi."},"content":{"rendered":"<p><strong>\u00a029 Mart 2009 pazar g\u00fcn\u00fc saatlerin 03.00&#8217;da bir saat ileri al\u0131nmas\u0131yla ba\u015flayan yaz saati uygulamas\u0131\u00a0<strong>25 Ekim sabah\u0131\u00a0saat\u00a004.00&#8217;de saatlerin bir saat geri al\u0131nmas\u0131yla sona erdi.<\/strong><\/strong><\/p>\n<p><img loading=\"lazy\" decoding=\"async\" class=\"size-medium wp-image-6775 alignleft\" title=\"Yaz Saati Uygulamas\u0131\" src=\"http:\/\/www.nationalturk.com\/tr\/wp-content\/uploads\/2009\/10\/yaz-saati-231x220.gif\" alt=\"Yaz Saati Uygulamas\u0131\" width=\"231\" height=\"220\" srcset=\"https:\/\/www.nationalturk.com\/tr\/wp-content\/uploads\/2009\/10\/yaz-saati-231x220.gif 231w, https:\/\/www.nationalturk.com\/tr\/wp-content\/uploads\/2009\/10\/yaz-saati.gif 350w\" sizes=\"auto, (max-width: 231px) 100vw, 231px\" \/>\u00c7al\u0131\u015fma saatlerinin g\u00fcn\u00fcn g\u00fcne\u015fli b\u00f6l\u00fcm\u00fcne al\u0131nmas\u0131 suretiyle, g\u00fcn \u0131\u015f\u0131\u011f\u0131ndan daha fazla yararlan\u0131lmas\u0131, elektrik enerjisinin ayd\u0131nlatmada kullan\u0131lan b\u00f6l\u00fcm\u00fcnden tasarruf sa\u011flanmas\u0131 amac\u0131n\u0131 sa\u011flayan yaz saati\u00a0 uygulamas\u0131 b\u00f6ylece sona erdi.<\/p>\n<p>Yaz saati uygulamas\u0131yla, ak\u015fam saatlerinde en y\u00fcksek de\u011ferine ula\u015fan enerji talebinin (puant g\u00fcc\u00fc) azalt\u0131lmas\u0131 hedefleniyor.<\/p>\n<p>Yaz saati uygulamas\u0131n\u0131n ba\u015flang\u0131\u00e7 ve biti\u015f tarihleri Bakanlar Kurulu kararlar\u0131yla belirleniyor.<\/p>\n<p>Bu arada, 28 Mart 2010 pazar g\u00fcn\u00fc saat 03.00&#8217;de, saatlerin bir saat ileri al\u0131nmas\u0131yla, yaz saati uygulamas\u0131na tekrar ge\u00e7ilecek.<\/p>\n<p>Bu gece sona eren yaz saati uygulamas\u0131ndan, yakla\u015f\u0131k 500 milyon kilovat saat (kWh) tasarruf edildi\u011fi tahmin ediliyor. Buna g\u00f6re uygulamayla, orta \u00f6l\u00e7ekli bir hidroelektrik santralin y\u0131ll\u0131k \u00fcretimi kadar tasarruf sa\u011flanm\u0131\u015f olacak.<\/p>\n","protected":false},"excerpt":{"rendered":"<p>28 Mart 2010 pazar g\u00fcn\u00fc saat 03.00&#8217;de, saatlerin bir saat ileri al\u0131nmas\u0131yla, yaz saati uygulamas\u0131na tekrar ge\u00e7ilecek.<\/p>\n","protected":false},"author":6,"featured_media":193925,"comment_status":"open","ping_status":"open","sticky":false,"template":"","format":"standard","meta":{"_acf_changed":false,"footnotes":""},"categories":[349],"tags":[6471,2056,6467,6468,6469,6470],"class_list":["post-6774","post","type-post","status-publish","format-standard","has-post-thumbnail","hentry","category-son-dakika","tag-28-mart-2010-pazar","tag-bakanlar-kurulu","tag-enerji-talebi","tag-puant-gucu","tag-yaz-saati-uygulamasi","tag-yaz-saati-uygulamasinin"],"acf":[],"_links":{"self":[{"href":"https:\/\/www.nationalturk.com\/tr\/wp-json\/wp\/v2\/posts\/6774","targetHints":{"allow":["GET"]}}],"collection":[{"href":"https:\/\/www.nationalturk.com\/tr\/wp-json\/wp\/v2\/posts"}],"about":[{"href":"https:\/\/www.nationalturk.com\/tr\/wp-json\/wp\/v2\/types\/post"}],"author":[{"embeddable":true,"href":"https:\/\/www.nationalturk.com\/tr\/wp-json\/wp\/v2\/users\/6"}],"replies":[{"embeddable":true,"href":"https:\/\/www.nationalturk.com\/tr\/wp-json\/wp\/v2\/comments?post=6774"}],"version-history":[{"count":0,"href":"https:\/\/www.nationalturk.com\/tr\/wp-json\/wp\/v2\/posts\/6774\/revisions"}],"wp:featuredmedia":[{"embeddable":true,"href":"https:\/\/www.nationalturk.com\/tr\/wp-json\/wp\/v2\/media\/193925"}],"wp:attachment":[{"href":"https:\/\/www.nationalturk.com\/tr\/wp-json\/wp\/v2\/media?parent=6774"}],"wp:term":[{"taxonomy":"category","embeddable":true,"href":"https:\/\/www.nationalturk.com\/tr\/wp-json\/wp\/v2\/categories?post=6774"},{"taxonomy":"post_tag","embeddable":true,"href":"https:\/\/www.nationalturk.com\/tr\/wp-json\/wp\/v2\/tags?post=6774"}],"curies":[{"name":"wp","href":"https:\/\/api.w.org\/{rel}","templated":true}]}}