{"id":68048,"date":"2011-05-05T14:39:11","date_gmt":"2011-05-05T11:39:11","guid":{"rendered":"http:\/\/www.nationalturk.com\/?p=68048"},"modified":"2011-05-05T14:39:11","modified_gmt":"2011-05-05T11:39:11","slug":"sehit-recep-sahin-cenaze-toreni-68048","status":"publish","type":"post","link":"https:\/\/www.nationalturk.com\/tr\/sehit-recep-sahin-cenaze-toreni-68048\/","title":{"rendered":"\u015eehit polis Recep \u015eahin i\u00e7in cenaze t\u00f6reni"},"content":{"rendered":"<h1><img loading=\"lazy\" decoding=\"async\" class=\"alignnone size-full wp-image-68049\" title=\"\u015eehit Polis Memuru Recep \u015eahin i\u00e7in t\u00f6ren\" src=\"http:\/\/www.nationalturk.com\/tr\/wp-content\/uploads\/2011\/05\/sehit_polis_cenaze.jpg\" alt=\"\" width=\"610\" height=\"375\"><\/h1>\n<h1>Ba\u015fbakan \u00a0Erdo\u011fan\u2019\u0131n se\u00e7im otob\u00fcs\u00fcne e\u015flik eden polis ekiplerine d\u00fczenlenen silahl\u0131 sald\u0131r\u0131da \u015fehit olan polis memuru Recep \u015eahin(34) i\u00e7in cenaze t\u00f6reni d\u00fczenlendi.<\/h1>\n<p>Kastamonu Emniyet M\u00fcd\u00fcrl\u00fc\u011f\u00fc&#8217;nde d\u00fczenlenen t\u00f6rene \u015fehit polis Recep \u015eahin&#8217;in\u00a0e\u015fi G\u00fclay \u015eahin ve o\u011flu Burak&#8217;\u0131n yan\u0131 s\u0131ra \u0130\u00e7i\u015fleri Bakan\u0131 Osman G\u00fcne\u015f, Kastamonu Valisi Erdo\u011fan Bekta\u015f, Emniyet M\u00fcd\u00fcr\u00fc Sami Uslu, mesai arkada\u015flar\u0131 ile \u00e7ok say\u0131da vatanda\u015f kat\u0131ld\u0131. Kastamonu Emniyet M\u00fcd\u00fcr\u00fc Sami Uslu konu\u015fmas\u0131 s\u0131ras\u0131nda g\u00f6zya\u015flar\u0131na hakim olamazken\u00a0\u0130\u00e7i\u015fleri Bakan\u0131 Osman G\u00fcne\u015f, bu t\u00fcr sald\u0131r\u0131lar\u0131n g\u00fcvenlik g\u00fc\u00e7lerinin m\u00fccadele azmini k\u0131rmayaca\u011f\u0131n\u0131 ifade ederek &#8220;Bunu yapanlar ne istiyor? Bu hain sald\u0131r\u0131y\u0131 organize edenler, onun gerisindekiler istiyorlar ki, kaos olsun, ortal\u0131k gerilsin, halk \u00f6fkelensin, vatanda\u015f huzursuz olsun daha \u00f6tesi b\u00f6ylece sinsi emellerine yol a\u00e7\u0131ls\u0131n, bu vatan b\u00f6l\u00fcns\u00fcn, millet ayr\u0131\u015ft\u0131r\u0131ls\u0131n. Bu milleti b\u00f6lmeye, bu vatan\u0131 b\u00f6lmeye hi\u00e7bir \u015fer oda\u011f\u0131n\u0131n g\u00fcc\u00fc yetmedi. Allah&#8217;\u0131n izniyle yine yetmeyecek&#8221; dedi.<\/p>\n<p>Kastamonu \u0130l M\u00fcft\u00fcs\u00fc Dursun Ali \u015eeker&#8217;in duas\u0131n\u0131n ard\u0131ndan \u015fehit polis Recep \u015eahin&#8217;in (34) naa\u015f\u0131 topra\u011fa verilmek \u00fczere memleketi Samsun&#8217;un Havza il\u00e7esine g\u00f6nderildi.<\/p>\n<!-- Error, Advert is not available at this time due to schedule\/geolocation restrictions! -->\n<span style=\"font-weight: bold; color: #f00;\">Error, group does not exist! Check your syntax! (ID: 62)<\/span>\n","protected":false},"excerpt":{"rendered":"<p>Ba\u015fbakan  Erdo\u011fan\u2019\u0131n se\u00e7im otob\u00fcs\u00fcne e\u015flik eden polis ekiplerine d\u00fczenlenen silahl\u0131 sald\u0131r\u0131da \u015fehit olan polis memuru Recep \u015eahin(34) i\u00e7in cenaze t\u00f6reni d\u00fczenlendi.<\/p>\n","protected":false},"author":4,"featured_media":68049,"comment_status":"open","ping_status":"open","sticky":false,"template":"","format":"standard","meta":{"_acf_changed":false,"footnotes":""},"categories":[6155,5005,6202,6805],"tags":[3888,2346],"class_list":["post-68048","post","type-post","status-publish","format-standard","has-post-thumbnail","hentry","category-gundem","category-manset","category-politika","category-turkiye","tag-basbakan-erdogan","tag-kastamonu"],"acf":[],"_links":{"self":[{"href":"https:\/\/www.nationalturk.com\/tr\/wp-json\/wp\/v2\/posts\/68048","targetHints":{"allow":["GET"]}}],"collection":[{"href":"https:\/\/www.nationalturk.com\/tr\/wp-json\/wp\/v2\/posts"}],"about":[{"href":"https:\/\/www.nationalturk.com\/tr\/wp-json\/wp\/v2\/types\/post"}],"author":[{"embeddable":true,"href":"https:\/\/www.nationalturk.com\/tr\/wp-json\/wp\/v2\/users\/4"}],"replies":[{"embeddable":true,"href":"https:\/\/www.nationalturk.com\/tr\/wp-json\/wp\/v2\/comments?post=68048"}],"version-history":[{"count":0,"href":"https:\/\/www.nationalturk.com\/tr\/wp-json\/wp\/v2\/posts\/68048\/revisions"}],"wp:featuredmedia":[{"embeddable":true,"href":"https:\/\/www.nationalturk.com\/tr\/wp-json\/wp\/v2\/media\/68049"}],"wp:attachment":[{"href":"https:\/\/www.nationalturk.com\/tr\/wp-json\/wp\/v2\/media?parent=68048"}],"wp:term":[{"taxonomy":"category","embeddable":true,"href":"https:\/\/www.nationalturk.com\/tr\/wp-json\/wp\/v2\/categories?post=68048"},{"taxonomy":"post_tag","embeddable":true,"href":"https:\/\/www.nationalturk.com\/tr\/wp-json\/wp\/v2\/tags?post=68048"}],"curies":[{"name":"wp","href":"https:\/\/api.w.org\/{rel}","templated":true}]}}