{"id":68121,"date":"2011-05-06T10:32:01","date_gmt":"2011-05-06T07:32:01","guid":{"rendered":"http:\/\/www.nationalturk.com\/?p=68121"},"modified":"2011-05-06T10:32:01","modified_gmt":"2011-05-06T07:32:01","slug":"rio-ferdinand-besiktas-taraftari-tribunleri-unutmadi-68121","status":"publish","type":"post","link":"https:\/\/www.nationalturk.com\/tr\/rio-ferdinand-besiktas-taraftari-tribunleri-unutmadi-68121\/","title":{"rendered":"Rio Ferdinand Be\u015fikta\u015f taraftar\u0131n\u0131 unutam\u0131yor"},"content":{"rendered":"<h1><img loading=\"lazy\" decoding=\"async\" class=\"alignnone size-full wp-image-68131\" src=\"http:\/\/www.nationalturk.com\/tr\/wp-content\/uploads\/2011\/05\/besiktas_manchester_united_trib\u00fcnler_nationalturk_12334.jpg\" alt=\"Besiktas taraftar\u0131na bir \u00f6vg\u00fc de Manchester United kaptan\u0131 Rio Ferdinand dan\" width=\"610\" height=\"340\" title=\"\"><\/h1>\n<h1>Manchester United kaptan\u0131 Rio Ferdinand Be\u015fikta\u015f taraftar\u0131ndan ve trib\u00fcnlerinden \u00f6vg\u00fcyle s\u00f6z ediyor.<\/h1>\n<p>D\u00fcnyan\u0131n say\u0131l\u0131 futbol kl\u00fcplerinden biri olan Manchester United &#8216;\u0131n 32 ya\u015f\u0131ndaki kaptan\u0131 Rio Ferdinand, Manchester United kariyeri boyunca ya\u015fad\u0131\u011f\u0131 unutulmaz anlar\u0131 de\u011ferlendirdi\u011fi bir r\u00f6portajda 2009 y\u0131l\u0131nda Be\u015fikta\u015f ile \u0130stanbul&#8217;da oynad\u0131klar\u0131 \u00a0ma\u00e7 hakk\u0131nda &#8221; deplasmanlarda g\u00f6rd\u00fc\u011f\u00fcm en iyi atmosfer kesinlikle Be\u015fikta\u015f ma\u00e7\u0131ndayd\u0131&#8221; \u015feklinde konu\u015ftu.<\/p>\n<h2>Be\u015fikta\u015f taraftar\u0131 ve trib\u00fcnleri o ma\u00e7ta inan\u0131lmazd\u0131<\/h2>\n<p>Rio Ferdinand Manchester United klub\u00fcn\u00fcn resmi sitesinde yer alan s\u00f6yle\u015fide, kariyerinin unutulmaz anlar\u0131n\u0131n neler oldu\u011fu sorusuna verdi\u011fi cevaplarda, en muhte\u015fem deplasman atmosferini oynad\u0131klar\u0131\u00a02009 y\u0131l\u0131nda\u00a0Be\u015fiktas Manchester United ma\u00e7\u0131nda \u015eampiyonlar Ligi m\u00fccadelesinde ya\u015fad\u0131\u011f\u0131n\u0131 belirtti.<\/p>\n<h3>Rio Ferdinand Be\u015fikta\u015f taraftar\u0131n\u0131 hayranl\u0131kla izlemi\u015f<\/h3>\n<p>Rio Ferdinand &#8221; Be\u015fikta\u015f ile yap\u0131lan ma\u00e7 benim i\u00e7in en muhte\u015fem atmosfere sahip olan ma\u00e7t\u0131. 2009 y\u0131l\u0131ndaki o ma\u00e7ta ben oynamam\u0131\u015ft\u0131m ama stadtayd\u0131m ve zaman\u0131m\u0131n \u00e7o\u011fu ma\u00e7\u0131 de\u011fil Be\u015fikta\u015f taraftar\u0131n\u0131 izlemek ile ge\u00e7mi\u015fti &#8221; dedi.<\/p>\n<!-- Error, Advert is not available at this time due to schedule\/geolocation restrictions! -->\n<!-- Error, Advert is not available at this time due to schedule\/geolocation restrictions! -->\n","protected":false},"excerpt":{"rendered":"<p>Manchester United kaptan\u0131 Rio Ferdinand unutamad\u0131\u011f\u0131 Be\u015fikta\u015f taraftar\u0131ndan ve Be\u015fikta\u015f trib\u00fcnlerinden \u00f6vg\u00fcyle s\u00f6z ediyor.<\/p>\n","protected":false},"author":683,"featured_media":68131,"comment_status":"open","ping_status":"open","sticky":false,"template":"","format":"standard","meta":{"_acf_changed":false,"footnotes":""},"categories":[6774,5005,6194],"tags":[69239,37386,5187],"class_list":["post-68121","post","type-post","status-publish","format-standard","has-post-thumbnail","hentry","category-futbol","category-manset","category-spor","tag-besiktas-manchester-united","tag-besiktas-taraftari","tag-besiktas-tribunleri"],"acf":[],"_links":{"self":[{"href":"https:\/\/www.nationalturk.com\/tr\/wp-json\/wp\/v2\/posts\/68121","targetHints":{"allow":["GET"]}}],"collection":[{"href":"https:\/\/www.nationalturk.com\/tr\/wp-json\/wp\/v2\/posts"}],"about":[{"href":"https:\/\/www.nationalturk.com\/tr\/wp-json\/wp\/v2\/types\/post"}],"author":[{"embeddable":true,"href":"https:\/\/www.nationalturk.com\/tr\/wp-json\/wp\/v2\/users\/683"}],"replies":[{"embeddable":true,"href":"https:\/\/www.nationalturk.com\/tr\/wp-json\/wp\/v2\/comments?post=68121"}],"version-history":[{"count":0,"href":"https:\/\/www.nationalturk.com\/tr\/wp-json\/wp\/v2\/posts\/68121\/revisions"}],"wp:featuredmedia":[{"embeddable":true,"href":"https:\/\/www.nationalturk.com\/tr\/wp-json\/wp\/v2\/media\/68131"}],"wp:attachment":[{"href":"https:\/\/www.nationalturk.com\/tr\/wp-json\/wp\/v2\/media?parent=68121"}],"wp:term":[{"taxonomy":"category","embeddable":true,"href":"https:\/\/www.nationalturk.com\/tr\/wp-json\/wp\/v2\/categories?post=68121"},{"taxonomy":"post_tag","embeddable":true,"href":"https:\/\/www.nationalturk.com\/tr\/wp-json\/wp\/v2\/tags?post=68121"}],"curies":[{"name":"wp","href":"https:\/\/api.w.org\/{rel}","templated":true}]}}