{"id":68156,"date":"2011-05-06T12:07:04","date_gmt":"2011-05-06T09:07:04","guid":{"rendered":"http:\/\/www.nationalturk.com\/?p=68156"},"modified":"2011-05-06T15:35:22","modified_gmt":"2011-05-06T12:35:22","slug":"bulent-arinc-bdp-aysel-tugluk-68156","status":"publish","type":"post","link":"https:\/\/www.nationalturk.com\/tr\/bulent-arinc-bdp-aysel-tugluk-68156\/","title":{"rendered":"B\u00fclent Ar\u0131n\u00e7 BDP&#8217;ye sert \u00e7\u0131kt\u0131: Akl\u0131n\u0131z\u0131 ba\u015f\u0131n\u0131za al\u0131n"},"content":{"rendered":"<h1><img loading=\"lazy\" decoding=\"async\" class=\"alignleft size-medium wp-image-68157\" title=\"B\u00fclent Ar\u0131n\u00e7\" src=\"http:\/\/www.nationalturk.com\/tr\/wp-content\/uploads\/2011\/05\/bulentttt_arinc-280x148.jpg\" alt=\"\" width=\"280\" height=\"148\" srcset=\"https:\/\/www.nationalturk.com\/tr\/wp-content\/uploads\/2011\/05\/bulentttt_arinc-280x148.jpg 280w, https:\/\/www.nationalturk.com\/tr\/wp-content\/uploads\/2011\/05\/bulentttt_arinc.jpg 564w\" sizes=\"auto, (max-width: 280px) 100vw, 280px\" \/>Ba\u015fbakan Yard\u0131mc\u0131s\u0131 ve Devlet Bakan\u0131 B\u00fclent Ar\u0131n\u00e7, BDP ile Demokratik Toplum Kongresi (DTK) E\u015f Ba\u015fkan\u0131 Aysel Tu\u011fluk&#8217;a sert tepki g\u00f6sterdi.<\/h1>\n<p>Aysel Tu\u011fluk&#8217;un &#8220;Yak\u0131nda k\u00f6t\u00fc \u015feyler olaca\u011f\u0131n\u0131 hissediyorum&#8221; \u015feklindeki a\u00e7\u0131klamalar\u0131n\u0131n hat\u0131rlat\u0131ld\u0131\u011f\u0131 B\u00fclent Ar\u0131n\u00e7, &#8220;Aysel Tu\u011fluk&#8217;un \u00e7ok yanl\u0131\u015f, \u015fiddete y\u00f6nlendiren konu\u015fmalar\u0131 ve d\u00fc\u015f\u00fcnceleri kamuoyu taraf\u0131ndan de\u011ferlendirilmektedir. Konu\u015fmay\u0131 \u015fahsen \u00e7ok yanl\u0131\u015f buluyorum. K\u00fcrtleriyle T\u00fcrkleriyle bir arada ya\u015fayan toplumumuzun bu d\u00fc\u015f\u00fcnceleri nefretle k\u0131nad\u0131\u011f\u0131n\u0131 biliyorum&#8221; dedi.<\/p>\n<p>Ilgaz Da\u011f\u0131&#8217;nda Ba\u015fbakan Erdo\u011fan&#8217;\u0131n g\u00fcvenlik konvoyuna d\u00fczenlenen hain sald\u0131r\u0131 hakk\u0131nda da a\u00e7\u0131klamalarda bulunan Ar\u0131n\u00e7, sald\u0131r\u0131y\u0131 PKK&#8217;n\u0131n \u00fcstlendi\u011fini ve hedefin AKP oldu\u011funun telsiz konu\u015fmalar\u0131ndan anla\u015f\u0131ld\u0131\u011f\u0131n\u0131 hat\u0131rlatarak &#8220;Ne yaz\u0131kt\u0131r ki, BDP&#8217;li siyasilerden b\u0131rak\u0131n g\u00fc\u00e7l\u00fc bir k\u0131nama gelmesini, \u00fcz\u00fcnt\u00fc ifade eden bir konu\u015fmay\u0131 bile duymad\u0131m. B\u00f6yle bir ac\u0131 y\u00fcrekleri da\u011flam\u0131\u015fken YSK karar\u0131n\u0131 bahane ederek AK Parti b\u00fcrolar\u0131na sald\u0131r\u0131yorlar. S\u00f6ylenenleri nefretle dinliyor ve yap\u0131lanlar\u0131 elbette izliyoruz. \u00d6zellikle ba\u011f\u0131ms\u0131z milletvekili olmu\u015f ve Meclis&#8217;e gelerek 72 milyon insan\u0131n sorunlar\u0131n\u0131 \u00e7\u00f6zme noktas\u0131nda yemin edecek bir parlamanter aday\u0131n\u0131n b\u00f6yle bir konu\u015fma yapmas\u0131n\u0131 \u015fiddetle k\u0131n\u0131yorum. Ak\u0131llar\u0131n\u0131 ba\u015flar\u0131na als\u0131nlar, yol yak\u0131nken se\u00e7ime gidilen \u015fu 40 g\u00fcnl\u00fck s\u00fcre\u00e7te \u00fclkeyi gerginli\u011fe g\u00f6t\u00fcrecek ad\u0131mlardan s\u00fcratle vazge\u00e7sinler&#8221; diye konu\u015ftu.<\/p>\n<span style=\"font-weight: bold; color: #f00;\">Error, group does not exist! Check your syntax! (ID: 75)<\/span>\n<!-- Error, Advert is not available at this time due to schedule\/geolocation restrictions! -->\n","protected":false},"excerpt":{"rendered":"<p>Ba\u015fbakan Yard\u0131mc\u0131s\u0131 ve Devlet Bakan\u0131 B\u00fclent Ar\u0131n\u00e7, BDP ile Demokratik Toplum Kongresi (DTK) E\u015f Ba\u015fkan\u0131 Aysel Tu\u011fluk&#8217;a sert tepki g\u00f6sterdi.<\/p>\n","protected":false},"author":4,"featured_media":68157,"comment_status":"open","ping_status":"open","sticky":false,"template":"","format":"standard","meta":{"_acf_changed":false,"footnotes":""},"categories":[6155,5005,6202,6805],"tags":[3557,9476,6863,11498,4208,60846,69257,63539,46340],"class_list":["post-68156","post","type-post","status-publish","format-standard","has-post-thumbnail","hentry","category-gundem","category-manset","category-politika","category-turkiye","tag-ak-parti","tag-akp","tag-aysel-tugluk","tag-bdp","tag-bulent-arinc","tag-bulent-arinc-aciklama","tag-bulent-arinc-bdp","tag-demokratik-toplum-kongresi","tag-dtk"],"acf":[],"_links":{"self":[{"href":"https:\/\/www.nationalturk.com\/tr\/wp-json\/wp\/v2\/posts\/68156","targetHints":{"allow":["GET"]}}],"collection":[{"href":"https:\/\/www.nationalturk.com\/tr\/wp-json\/wp\/v2\/posts"}],"about":[{"href":"https:\/\/www.nationalturk.com\/tr\/wp-json\/wp\/v2\/types\/post"}],"author":[{"embeddable":true,"href":"https:\/\/www.nationalturk.com\/tr\/wp-json\/wp\/v2\/users\/4"}],"replies":[{"embeddable":true,"href":"https:\/\/www.nationalturk.com\/tr\/wp-json\/wp\/v2\/comments?post=68156"}],"version-history":[{"count":0,"href":"https:\/\/www.nationalturk.com\/tr\/wp-json\/wp\/v2\/posts\/68156\/revisions"}],"wp:featuredmedia":[{"embeddable":true,"href":"https:\/\/www.nationalturk.com\/tr\/wp-json\/wp\/v2\/media\/68157"}],"wp:attachment":[{"href":"https:\/\/www.nationalturk.com\/tr\/wp-json\/wp\/v2\/media?parent=68156"}],"wp:term":[{"taxonomy":"category","embeddable":true,"href":"https:\/\/www.nationalturk.com\/tr\/wp-json\/wp\/v2\/categories?post=68156"},{"taxonomy":"post_tag","embeddable":true,"href":"https:\/\/www.nationalturk.com\/tr\/wp-json\/wp\/v2\/tags?post=68156"}],"curies":[{"name":"wp","href":"https:\/\/api.w.org\/{rel}","templated":true}]}}