{"id":68553,"date":"2011-05-10T13:51:59","date_gmt":"2011-05-10T10:51:59","guid":{"rendered":"http:\/\/www.nationalturk.com\/?p=68553"},"modified":"2011-05-10T13:51:59","modified_gmt":"2011-05-10T10:51:59","slug":"insanlik-aniti-yikim-68553","status":"publish","type":"post","link":"https:\/\/www.nationalturk.com\/tr\/insanlik-aniti-yikim-68553\/","title":{"rendered":"\u0130nsanl\u0131k An\u0131t\u0131&#8217;n\u0131n y\u0131k\u0131m\u0131na devam ediliyor"},"content":{"rendered":"<h1><img loading=\"lazy\" decoding=\"async\" class=\"alignnone size-full wp-image-68554\" title=\"\u0130nsanl\u0131k An\u0131t\u0131\" src=\"http:\/\/www.nationalturk.com\/tr\/wp-content\/uploads\/2011\/05\/insanlik_aniti_yikimi.jpg\" alt=\"\" width=\"610\" height=\"333\"><\/h1>\n<h1>Ba\u015fbakan Erdo\u011fan&#8217;\u0131n emri \u00fczerine y\u0131k\u0131m\u0131na ba\u015flanan Kars&#8217;taki \u0130nsanl\u0131k An\u0131t\u0131&#8217;ndaki \u00e7al\u0131\u015fmalar h\u0131zla devam ediyor.<\/h1>\n<p>Kars&#8217;a yapt\u0131\u011f\u0131 ziyarette an\u0131ttan &#8220;ucube&#8221; diye bahseden ve y\u0131k\u0131lmas\u0131 y\u00f6n\u00fcnde emir veren Ba\u015fbakan Recep Tayyip Erdo\u011fan&#8217;\u0131n 20 May\u0131s&#8217;ta yapaca\u011f\u0131 miting \u00f6ncesi \u0130nsanl\u0131k An\u0131t\u0131&#8217;ndaki \u00e7al\u0131\u015fmalar s\u00fcr\u00fcyor. An\u0131t\u0131n s\u00f6k\u00fclmesi \u00e7al\u0131\u015fmalar\u0131nda 15. g\u00fcne girildi. Aradan ge\u00e7en zaman i\u00e7erisinde an\u0131ttan 5 par\u00e7a s\u00f6k\u00fcld\u00fc. Ba\u015fbakan Recep Tayyip Erdo\u011fan 20 May\u0131s&#8217;ta Kars&#8217;ta miting yapacak. An\u0131t\u0131 s\u00f6kme i\u015flemlerinin bu mitinge kadar bitirilmesi planlan\u0131yor.<\/p>\n<!-- Error, Advert is not available at this time due to schedule\/geolocation restrictions! -->\n","protected":false},"excerpt":{"rendered":"<p>Ba\u015fbakan Erdo\u011fan&#8217;\u0131n emri \u00fczerine y\u0131k\u0131m\u0131na ba\u015flanan Kars&#8217;taki \u0130nsanl\u0131k An\u0131t\u0131&#8217;ndaki \u00e7al\u0131\u015fmalar h\u0131zla devam ediyor.<\/p>\n","protected":false},"author":4,"featured_media":68554,"comment_status":"open","ping_status":"open","sticky":false,"template":"","format":"standard","meta":{"_acf_changed":false,"footnotes":""},"categories":[6221,6670,6805],"tags":[3888,68888,14616],"class_list":["post-68553","post","type-post","status-publish","format-standard","has-post-thumbnail","hentry","category-kultur","category-sanat","category-turkiye","tag-basbakan-erdogan","tag-insanlik-aniti","tag-kars"],"acf":[],"_links":{"self":[{"href":"https:\/\/www.nationalturk.com\/tr\/wp-json\/wp\/v2\/posts\/68553","targetHints":{"allow":["GET"]}}],"collection":[{"href":"https:\/\/www.nationalturk.com\/tr\/wp-json\/wp\/v2\/posts"}],"about":[{"href":"https:\/\/www.nationalturk.com\/tr\/wp-json\/wp\/v2\/types\/post"}],"author":[{"embeddable":true,"href":"https:\/\/www.nationalturk.com\/tr\/wp-json\/wp\/v2\/users\/4"}],"replies":[{"embeddable":true,"href":"https:\/\/www.nationalturk.com\/tr\/wp-json\/wp\/v2\/comments?post=68553"}],"version-history":[{"count":0,"href":"https:\/\/www.nationalturk.com\/tr\/wp-json\/wp\/v2\/posts\/68553\/revisions"}],"wp:featuredmedia":[{"embeddable":true,"href":"https:\/\/www.nationalturk.com\/tr\/wp-json\/wp\/v2\/media\/68554"}],"wp:attachment":[{"href":"https:\/\/www.nationalturk.com\/tr\/wp-json\/wp\/v2\/media?parent=68553"}],"wp:term":[{"taxonomy":"category","embeddable":true,"href":"https:\/\/www.nationalturk.com\/tr\/wp-json\/wp\/v2\/categories?post=68553"},{"taxonomy":"post_tag","embeddable":true,"href":"https:\/\/www.nationalturk.com\/tr\/wp-json\/wp\/v2\/tags?post=68553"}],"curies":[{"name":"wp","href":"https:\/\/api.w.org\/{rel}","templated":true}]}}