{"id":6877,"date":"2009-10-26T11:16:15","date_gmt":"2009-10-26T08:16:15","guid":{"rendered":"http:\/\/www.nationalturk.com\/?p=6877"},"modified":"2009-10-26T11:16:15","modified_gmt":"2009-10-26T08:16:15","slug":"abd-askerleri-kazayla-olmeye-devam-ediyor","status":"publish","type":"post","link":"https:\/\/www.nationalturk.com\/tr\/abd-askerleri-kazayla-olmeye-devam-ediyor\/","title":{"rendered":"ABD askerleri kazayla \u00f6lmeye devam ediyor!"},"content":{"rendered":"<p><strong><img loading=\"lazy\" decoding=\"async\" class=\"alignleft size-medium wp-image-6878\" title=\"ABD Askeri\" src=\"http:\/\/www.nationalturk.com\/tr\/wp-content\/uploads\/2009\/10\/abdaskeri-276x220.jpg\" alt=\"ABD Askeri\" width=\"276\" height=\"220\" srcset=\"https:\/\/www.nationalturk.com\/tr\/wp-content\/uploads\/2009\/10\/abdaskeri-276x220.jpg 276w, https:\/\/www.nationalturk.com\/tr\/wp-content\/uploads\/2009\/10\/abdaskeri.jpg 390w\" sizes=\"auto, (max-width: 276px) 100vw, 276px\" \/>Afganistan&#8217;da ABD ordusuna ait iki helikopterin havada \u00e7arp\u0131\u015fmas\u0131 sonucu 4 amerikan askeri \u00f6ld\u00fc, 2&#8217;si yaraland\u0131.<\/strong><\/p>\n<p>\u00dclkenin g\u00fcneyinde bu sabah meydana gelen olay\u0131n d\u00fc\u015fman ate\u015finden kaynakland\u0131\u011f\u0131n\u0131n d\u00fc\u015f\u00fcn\u00fclmedi\u011fini belirten ABD&#8217;li askeri yetkililer olayla ilgili detayl\u0131 bir bilgi vermedi.<\/p>\n<p>Kazayla birlikte Afganistan&#8217;da Ekim ay\u0131nda \u00f6len Amerikan askerlerinin say\u0131s\u0131 30&#8217;u a\u015ft\u0131.<\/p>\n","protected":false},"excerpt":{"rendered":"<p>Afganistan&#8217;da ABD ordusuna ait iki helikopterin havada \u00e7arp\u0131\u015fmas\u0131 sonucu 4 amerikan askeri \u00f6ld\u00fc, 2&#8217;si yaraland\u0131.<\/p>\n","protected":false},"author":4,"featured_media":193907,"comment_status":"open","ping_status":"open","sticky":false,"template":"","format":"standard","meta":{"_acf_changed":false,"footnotes":""},"categories":[1],"tags":[1887,6626,6627,6628,6629,6630],"class_list":["post-6877","post","type-post","status-publish","format-standard","has-post-thumbnail","hentry","category-nationalturk","tag-abd","tag-abd-helikopterleri-carpisti","tag-abd-ordusu","tag-afganistan","tag-afganistan-4-abd-askeri","tag-afganistan-abd-ordusu"],"acf":[],"_links":{"self":[{"href":"https:\/\/www.nationalturk.com\/tr\/wp-json\/wp\/v2\/posts\/6877","targetHints":{"allow":["GET"]}}],"collection":[{"href":"https:\/\/www.nationalturk.com\/tr\/wp-json\/wp\/v2\/posts"}],"about":[{"href":"https:\/\/www.nationalturk.com\/tr\/wp-json\/wp\/v2\/types\/post"}],"author":[{"embeddable":true,"href":"https:\/\/www.nationalturk.com\/tr\/wp-json\/wp\/v2\/users\/4"}],"replies":[{"embeddable":true,"href":"https:\/\/www.nationalturk.com\/tr\/wp-json\/wp\/v2\/comments?post=6877"}],"version-history":[{"count":0,"href":"https:\/\/www.nationalturk.com\/tr\/wp-json\/wp\/v2\/posts\/6877\/revisions"}],"wp:featuredmedia":[{"embeddable":true,"href":"https:\/\/www.nationalturk.com\/tr\/wp-json\/wp\/v2\/media\/193907"}],"wp:attachment":[{"href":"https:\/\/www.nationalturk.com\/tr\/wp-json\/wp\/v2\/media?parent=6877"}],"wp:term":[{"taxonomy":"category","embeddable":true,"href":"https:\/\/www.nationalturk.com\/tr\/wp-json\/wp\/v2\/categories?post=6877"},{"taxonomy":"post_tag","embeddable":true,"href":"https:\/\/www.nationalturk.com\/tr\/wp-json\/wp\/v2\/tags?post=6877"}],"curies":[{"name":"wp","href":"https:\/\/api.w.org\/{rel}","templated":true}]}}