{"id":69212,"date":"2011-05-16T17:37:38","date_gmt":"2011-05-16T14:37:38","guid":{"rendered":"http:\/\/www.nationalturk.com\/?p=69212"},"modified":"2025-03-03T11:22:45","modified_gmt":"2025-03-03T08:22:45","slug":"diego-forlan-besiktas-ta-besiktas-haberleri-69212","status":"publish","type":"post","link":"https:\/\/www.nationalturk.com\/tr\/diego-forlan-besiktas-ta-besiktas-haberleri-69212\/","title":{"rendered":"Forlan Be\u015fikta\u015f&#8217;ta m\u0131? Menajerinden a\u00e7\u0131klama \/ Be\u015fikta\u015f Haberleri"},"content":{"rendered":"<h1><img loading=\"lazy\" decoding=\"async\" class=\"alignleft size-medium wp-image-69213\" title=\"Diego Forlan\" src=\"http:\/\/www.nationalturk.com\/tr\/wp-content\/uploads\/2011\/05\/forlan_dikey-185x220.jpg\" alt=\"\" width=\"185\" height=\"220\" srcset=\"https:\/\/www.nationalturk.com\/tr\/wp-content\/uploads\/2011\/05\/forlan_dikey-185x220.jpg 185w, https:\/\/www.nationalturk.com\/tr\/wp-content\/uploads\/2011\/05\/forlan_dikey.jpg 338w\" sizes=\"auto, (max-width: 185px) 100vw, 185px\" \/>Forlan Be\u015fikta\u015f&#8217;ta iddialar\u0131 \u00fczerine Uruguayl\u0131 futbolcunun menajeri Daniel Bolotnicoff transfer hakk\u0131nda a\u00e7\u0131klamalarda bulundu. \/ Be\u015fikta\u015f Transfer Haberleri&#8230;<\/h1>\n<p>\u0130spanya&#8217;n\u0131n \u00f6nemli spor gazetesi Marca&#8217;ya konu\u015fan Diego Forlan\u2019\u0131n menajeri Daniel Bolotnicoff, Forlan Be\u015fikta\u015f&#8217;ta haberlerini yalanlayarak &#8220;T\u00fcrkiye\u2019den gelen haberler do\u011fru de\u011fil. 1 ay kadar \u00f6nce Be\u015fikta\u015f ile g\u00f6r\u00fc\u015ft\u00fc\u011f\u00fcm\u00fcz do\u011fru. Ancak \u015fu an i\u00e7in verilmi\u015f bir karar yok. Forlan La Liga sona erene kadar gelece\u011fi ile ilgili bir karar vermeyecek&#8221; dedi. Marca gazetesi ayr\u0131ca, Be\u015fikta\u015f Futbol Komitesi Ba\u015fkan\u0131 Serdal Adal\u0131&#8217;n\u0131n Madrid&#8217;e giderek Forlan transferi i\u00e7in Atletico Madrid y\u00f6netimi ile g\u00f6r\u00fc\u015fece\u011fini de yazd\u0131.\u00a0\u0130ngiliz The Sun gazetesi de Tottenham kul\u00fcb\u00fcn\u00fcn Forlan ile ilgilendi\u011fini yazd\u0131.<\/p>\n<!-- Error, Advert is not available at this time due to schedule\/geolocation restrictions! -->\n<!-- Error, Advert is not available at this time due to schedule\/geolocation restrictions! -->\n","protected":false},"excerpt":{"rendered":"<p>Forlan Be\u015fikta\u015f&#8217;ta iddialar\u0131 \u00fczerine Uruguayl\u0131 futbolcunun menajeri Daniel Bolotnicoff transfer hakk\u0131nda a\u00e7\u0131klamalarda bulundu. \/ Be\u015fikta\u015f Transfer Haberleri&#8230;<\/p>\n","protected":false},"author":4,"featured_media":69213,"comment_status":"open","ping_status":"open","sticky":false,"template":"","format":"standard","meta":{"_acf_changed":false,"footnotes":""},"categories":[6774,5005,6194],"tags":[1748,8263,69944,69008,69009,69010,69943,26415],"class_list":["post-69212","post","type-post","status-publish","format-standard","has-post-thumbnail","hentry","category-futbol","category-manset","category-spor","tag-besiktas","tag-besiktas-transfer","tag-diego-forlan-besiktas","tag-diego-forlan-besiktasta","tag-forlan-besiktas","tag-forlan-besiktas-ta","tag-forlan-besiktasta","tag-serdal-adali"],"acf":[],"_links":{"self":[{"href":"https:\/\/www.nationalturk.com\/tr\/wp-json\/wp\/v2\/posts\/69212","targetHints":{"allow":["GET"]}}],"collection":[{"href":"https:\/\/www.nationalturk.com\/tr\/wp-json\/wp\/v2\/posts"}],"about":[{"href":"https:\/\/www.nationalturk.com\/tr\/wp-json\/wp\/v2\/types\/post"}],"author":[{"embeddable":true,"href":"https:\/\/www.nationalturk.com\/tr\/wp-json\/wp\/v2\/users\/4"}],"replies":[{"embeddable":true,"href":"https:\/\/www.nationalturk.com\/tr\/wp-json\/wp\/v2\/comments?post=69212"}],"version-history":[{"count":1,"href":"https:\/\/www.nationalturk.com\/tr\/wp-json\/wp\/v2\/posts\/69212\/revisions"}],"predecessor-version":[{"id":305984,"href":"https:\/\/www.nationalturk.com\/tr\/wp-json\/wp\/v2\/posts\/69212\/revisions\/305984"}],"wp:featuredmedia":[{"embeddable":true,"href":"https:\/\/www.nationalturk.com\/tr\/wp-json\/wp\/v2\/media\/69213"}],"wp:attachment":[{"href":"https:\/\/www.nationalturk.com\/tr\/wp-json\/wp\/v2\/media?parent=69212"}],"wp:term":[{"taxonomy":"category","embeddable":true,"href":"https:\/\/www.nationalturk.com\/tr\/wp-json\/wp\/v2\/categories?post=69212"},{"taxonomy":"post_tag","embeddable":true,"href":"https:\/\/www.nationalturk.com\/tr\/wp-json\/wp\/v2\/tags?post=69212"}],"curies":[{"name":"wp","href":"https:\/\/api.w.org\/{rel}","templated":true}]}}