{"id":69348,"date":"2011-05-17T18:12:27","date_gmt":"2011-05-17T15:12:27","guid":{"rendered":"http:\/\/www.nationalturk.com\/?p=69348"},"modified":"2011-05-17T18:12:27","modified_gmt":"2011-05-17T15:12:27","slug":"kemal-kilicdaroglu-giresun-konusmasi-69348","status":"publish","type":"post","link":"https:\/\/www.nationalturk.com\/tr\/kemal-kilicdaroglu-giresun-konusmasi-69348\/","title":{"rendered":"Kemal K\u0131l\u0131\u00e7daro\u011flu: Seni dut yemi\u015f b\u00fclb\u00fcle d\u00f6nd\u00fcrece\u011fim"},"content":{"rendered":"<h1><img loading=\"lazy\" decoding=\"async\" class=\"alignleft size-medium wp-image-69349\" title=\"Kemal K\u0131l\u0131\u00e7daro\u011flu\" src=\"http:\/\/www.nationalturk.com\/tr\/wp-content\/uploads\/2011\/05\/kilicdaroglu_mersin-280x185.jpg\" alt=\"\" width=\"280\" height=\"185\" srcset=\"https:\/\/www.nationalturk.com\/tr\/wp-content\/uploads\/2011\/05\/kilicdaroglu_mersin-280x185.jpg 280w, https:\/\/www.nationalturk.com\/tr\/wp-content\/uploads\/2011\/05\/kilicdaroglu_mersin.jpg 500w\" sizes=\"auto, (max-width: 280px) 100vw, 280px\" \/>CHP Genel Ba\u015fkan\u0131 Kemal K\u0131l\u0131\u00e7daro\u011flu Giresun&#8217;da halka seslendi. K\u0131l\u0131\u00e7daro\u011flu, Ba\u015fbakan Erdo\u011fan&#8217;\u0131 yine televizyonda d\u00fcelloya davet etti.<\/h1>\n<p>K\u0131l\u0131\u00e7daro\u011flu, Giresun&#8217;da Osman A\u011fa Meydan\u0131\u2019nda vatanda\u015flara seslendi. Konu\u015fmas\u0131nda yine Ba\u015fbakan Erdo\u011fan\u2019\u0131 ele\u015ftiren K\u0131l\u0131\u00e7daro\u011flu, Giresun halk\u0131ndan 12 Haziran se\u00e7iminde AK Parti\u2019ye s\u0131rtlar\u0131n\u0131 d\u00f6nmelerini istedi. CHP\u2019nin, T\u00fcrk halk\u0131n\u0131 savunmaya devam edece\u011fini kaydeden K\u0131l\u0131\u00e7daro\u011flu,\u201dE\u011fer oy vermeyeceksiniz s\u0131rt\u0131n\u0131z\u0131 d\u00f6n\u00fcn. Sizi savunan CHP var. S\u0131rt\u0131n\u0131z\u0131 AK Parti\u2019ye d\u00f6n\u00fcn, kar\u015f\u0131ya bak\u0131n. CHP ve 6 oku g\u00f6receksiniz. Sizin haklar\u0131n\u0131z\u0131 savunan tek lider benim. Sonuna kadar da savunmaya devam edece\u011fim.\u201d diye konu\u015ftu.<\/p>\n<p>Ba\u015fbakan Erdo\u011fan\u2019a yine televizyona \u00e7\u0131kma \u00e7a\u011fr\u0131s\u0131nda bulunan K\u0131l\u0131\u00e7daro\u011flu, \u015f\u00f6yle konu\u015ftu:<\/p>\n<p>&#8220;Ben SSK\u2019dayken \u015funu yapm\u0131\u015f\u0131m, bunu yapm\u0131\u015f\u0131m. Dedim ki, \u2018Say\u0131n Ba\u015fbakan devletin t\u00fcm imkanlar\u0131 senin emrinde, t\u00fcm belgeleri al, senin istedi\u011fin televizyonda gel kar\u015f\u0131ma.\u2019 Sen sorars\u0131n ben cevap veririm, ben sorar\u0131m sen dut yemi\u015f b\u00fclb\u00fcl gibi oturursun. Seni dut yemi\u015f b\u00fclb\u00fcle d\u00f6nd\u00fcrece\u011fim. Ben ustay\u0131m o \u00e7\u0131rak demi\u015f. Karde\u015finiz bunlar\u0131n alt\u0131nda kal\u0131r m\u0131? Kendine g\u00fcveniyorsan \u00e7\u0131k kar\u015f\u0131ma kim usta kim \u00e7\u0131rak ben sana g\u00f6stereyim. Korkan adamdan usta olur mu? Al\u0131n teri d\u00f6kmeyen adamdan usta olur mu? Onun kapasitesi o kadar. Korkuyor. \u0130stedi\u011fin kadar kork. Seni dut yeni\u015f b\u00fclb\u00fcle \u00e7evirece\u011fim, maskeni indirece\u011fim.&#8221;<\/p>\n<p>F\u0131nd\u0131\u011f\u0131n, Giresun\u2019un en \u00f6nemli tar\u0131m \u00fcr\u00fcn\u00fc oldu\u011funu ifade eden K\u0131l\u0131\u00e7daro\u011flu, &#8220;Fiskobirlik\u2019i yeniden yap\u0131land\u0131raca\u011f\u0131z. Fiskobirlik f\u0131nd\u0131k \u00fcreticisinin kara g\u00fcn dostu olacak. F\u0131nd\u0131kta madem ki bir numaray\u0131z, f\u0131nd\u0131\u011f\u0131n fiyat\u0131n\u0131 da biz belirleyece\u011fiz. F\u0131nd\u0131k Borsas\u0131\u2019n\u0131 Karadeniz\u2019de kurulmas\u0131, d\u00fcnya f\u0131nd\u0131k fiyat\u0131n\u0131n burada belirlenmesi laz\u0131m.&#8221; ifadelerini kulland\u0131.<\/p>\n<!-- Error, Advert is not available at this time due to schedule\/geolocation restrictions! -->\n<p>&nbsp;<\/p>\n<!-- Error, Advert is not available at this time due to schedule\/geolocation restrictions! -->\n","protected":false},"excerpt":{"rendered":"<p>CHP Genel Ba\u015fkan\u0131 Kemal K\u0131l\u0131\u00e7daro\u011flu Giresun&#8217;da halka seslendi. K\u0131l\u0131\u00e7daro\u011flu, Ba\u015fbakan Erdo\u011fan&#8217;\u0131 yine televizyonda d\u00fcelloya davet etti.<\/p>\n","protected":false},"author":4,"featured_media":69349,"comment_status":"open","ping_status":"open","sticky":false,"template":"","format":"standard","meta":{"_acf_changed":false,"footnotes":""},"categories":[6155,5005,6202,6805],"tags":[3557,9476,3888,8723,3036,5115],"class_list":["post-69348","post","type-post","status-publish","format-standard","has-post-thumbnail","hentry","category-gundem","category-manset","category-politika","category-turkiye","tag-ak-parti","tag-akp","tag-basbakan-erdogan","tag-chp","tag-giresun","tag-kemal-kilicdaroglu"],"acf":[],"_links":{"self":[{"href":"https:\/\/www.nationalturk.com\/tr\/wp-json\/wp\/v2\/posts\/69348","targetHints":{"allow":["GET"]}}],"collection":[{"href":"https:\/\/www.nationalturk.com\/tr\/wp-json\/wp\/v2\/posts"}],"about":[{"href":"https:\/\/www.nationalturk.com\/tr\/wp-json\/wp\/v2\/types\/post"}],"author":[{"embeddable":true,"href":"https:\/\/www.nationalturk.com\/tr\/wp-json\/wp\/v2\/users\/4"}],"replies":[{"embeddable":true,"href":"https:\/\/www.nationalturk.com\/tr\/wp-json\/wp\/v2\/comments?post=69348"}],"version-history":[{"count":0,"href":"https:\/\/www.nationalturk.com\/tr\/wp-json\/wp\/v2\/posts\/69348\/revisions"}],"wp:featuredmedia":[{"embeddable":true,"href":"https:\/\/www.nationalturk.com\/tr\/wp-json\/wp\/v2\/media\/69349"}],"wp:attachment":[{"href":"https:\/\/www.nationalturk.com\/tr\/wp-json\/wp\/v2\/media?parent=69348"}],"wp:term":[{"taxonomy":"category","embeddable":true,"href":"https:\/\/www.nationalturk.com\/tr\/wp-json\/wp\/v2\/categories?post=69348"},{"taxonomy":"post_tag","embeddable":true,"href":"https:\/\/www.nationalturk.com\/tr\/wp-json\/wp\/v2\/tags?post=69348"}],"curies":[{"name":"wp","href":"https:\/\/api.w.org\/{rel}","templated":true}]}}