{"id":70095,"date":"2011-05-24T16:59:19","date_gmt":"2011-05-24T13:59:19","guid":{"rendered":"http:\/\/www.nationalturk.com\/?p=70095"},"modified":"2011-05-24T16:59:19","modified_gmt":"2011-05-24T13:59:19","slug":"ekrem-dag-besiktas-transfer-haberleri-70095","status":"publish","type":"post","link":"https:\/\/www.nationalturk.com\/tr\/ekrem-dag-besiktas-transfer-haberleri-70095\/","title":{"rendered":"Ekrem Da\u011f s\u00f6zle\u015fme yeniledi \/ Be\u015fikta\u015f Transfer Haberleri"},"content":{"rendered":"<h1><img loading=\"lazy\" decoding=\"async\" class=\"alignnone size-full wp-image-70096\" title=\"Ekrem Da\u011f\" src=\"http:\/\/www.nationalturk.com\/tr\/wp-content\/uploads\/2011\/05\/emrem_dag_goll.jpg\" alt=\"\" width=\"600\" height=\"300\" srcset=\"https:\/\/www.nationalturk.com\/tr\/wp-content\/uploads\/2011\/05\/emrem_dag_goll.jpg 600w, https:\/\/www.nationalturk.com\/tr\/wp-content\/uploads\/2011\/05\/emrem_dag_goll-280x140.jpg 280w\" sizes=\"auto, (max-width: 600px) 100vw, 600px\" \/><\/h1>\n<h1>Transferin h\u0131zl\u0131 tak\u0131m\u0131 Be\u015fikta\u015f, i\u00e7 transferde de somut ad\u0131mlar atmaya ba\u015flad\u0131. Tecr\u00fcbeli futbolcu Ekrem Da\u011f&#8217;\u0131n s\u00f6zle\u015fmesi 2 y\u0131l daha uzat\u0131ld\u0131.<\/h1>\n<p>Siyah beyazl\u0131 kul\u00fcb\u00fcn internet sitesinden yap\u0131lan a\u00e7\u0131klamada Ekrem Da\u011f ile 2 y\u0131ll\u0131k s\u00f6zle\u015fme imzaland\u0131\u011f\u0131 duyuruldu. Avusturya milli tak\u0131m\u0131nda da forma giyen Ekrem Da\u011f Be\u015fikta\u015f&#8217;tan y\u0131ll\u0131k 800 bin TL garanti, 30 bin TL de ma\u00e7 ba\u015f\u0131 \u00fccret alacak.<\/p>\n<!-- Error, Advert is not available at this time due to schedule\/geolocation restrictions! -->\n","protected":false},"excerpt":{"rendered":"<p>Transferin h\u0131zl\u0131 tak\u0131m\u0131 Be\u015fikta\u015f, i\u00e7 transferde de somut ad\u0131mlar atmaya ba\u015flad\u0131. Tecr\u00fcbeli futbolcu Ekrem Da\u011f&#8217;\u0131n s\u00f6zle\u015fmesi 2 y\u0131l daha uzat\u0131ld\u0131.<\/p>\n","protected":false},"author":4,"featured_media":70096,"comment_status":"open","ping_status":"open","sticky":false,"template":"","format":"standard","meta":{"_acf_changed":false,"footnotes":""},"categories":[6774,6194],"tags":[1748,8263,11421,70854],"class_list":["post-70095","post","type-post","status-publish","format-standard","has-post-thumbnail","hentry","category-futbol","category-spor","tag-besiktas","tag-besiktas-transfer","tag-ekrem-dag","tag-ekrem-dag-sozlesme"],"acf":[],"_links":{"self":[{"href":"https:\/\/www.nationalturk.com\/tr\/wp-json\/wp\/v2\/posts\/70095","targetHints":{"allow":["GET"]}}],"collection":[{"href":"https:\/\/www.nationalturk.com\/tr\/wp-json\/wp\/v2\/posts"}],"about":[{"href":"https:\/\/www.nationalturk.com\/tr\/wp-json\/wp\/v2\/types\/post"}],"author":[{"embeddable":true,"href":"https:\/\/www.nationalturk.com\/tr\/wp-json\/wp\/v2\/users\/4"}],"replies":[{"embeddable":true,"href":"https:\/\/www.nationalturk.com\/tr\/wp-json\/wp\/v2\/comments?post=70095"}],"version-history":[{"count":0,"href":"https:\/\/www.nationalturk.com\/tr\/wp-json\/wp\/v2\/posts\/70095\/revisions"}],"wp:featuredmedia":[{"embeddable":true,"href":"https:\/\/www.nationalturk.com\/tr\/wp-json\/wp\/v2\/media\/70096"}],"wp:attachment":[{"href":"https:\/\/www.nationalturk.com\/tr\/wp-json\/wp\/v2\/media?parent=70095"}],"wp:term":[{"taxonomy":"category","embeddable":true,"href":"https:\/\/www.nationalturk.com\/tr\/wp-json\/wp\/v2\/categories?post=70095"},{"taxonomy":"post_tag","embeddable":true,"href":"https:\/\/www.nationalturk.com\/tr\/wp-json\/wp\/v2\/tags?post=70095"}],"curies":[{"name":"wp","href":"https:\/\/api.w.org\/{rel}","templated":true}]}}