{"id":70207,"date":"2011-05-25T17:20:27","date_gmt":"2011-05-25T14:20:27","guid":{"rendered":"http:\/\/www.nationalturk.com\/?p=70207"},"modified":"2011-05-25T17:24:06","modified_gmt":"2011-05-25T14:24:06","slug":"acun-ilicali-kimdir-video-5193","status":"publish","type":"post","link":"https:\/\/www.nationalturk.com\/tr\/acun-ilicali-kimdir-video-5193\/","title":{"rendered":"Acun Il\u0131cal\u0131 Kimdir ? \/ Video"},"content":{"rendered":"<h4><a href=\"http:\/\/www.nationalturk.com\/tr\/wp-content\/uploads\/2011\/05\/acun-ilicali-kimdir.jpg\"><img loading=\"lazy\" decoding=\"async\" class=\"alignleft size-medium wp-image-70224\" title=\"Acun Il\u0131cal\u0131\" src=\"http:\/\/www.nationalturk.com\/tr\/wp-content\/uploads\/2011\/05\/acun-ilicali-kimdir-280x185.jpg\" alt=\"\" width=\"280\" height=\"185\" srcset=\"https:\/\/www.nationalturk.com\/tr\/wp-content\/uploads\/2011\/05\/acun-ilicali-kimdir-280x185.jpg 280w, https:\/\/www.nationalturk.com\/tr\/wp-content\/uploads\/2011\/05\/acun-ilicali-kimdir.jpg 500w\" sizes=\"auto, (max-width: 280px) 100vw, 280px\" \/><\/a><\/h4>\n<h4>Yap\u0131mc\u0131s\u0131 ve sunucusu oldu\u011fu Survivor \u00dcnl\u00fcler G\u00f6n\u00fcll\u00fcler yar\u0131\u015fmas\u0131 izlenme rekorlar\u0131 k\u0131ran Acun Il\u0131cal\u0131 \u015fimdilerde en \u00e7ok konu\u015fulan isimlerden.<\/h4>\n<h4>D\u00fcnyaca \u00fcnl\u00fc yar\u0131\u015fma programlar\u0131n\u0131 T\u00fcrkiye &#8216;ye getiren ve hit yapan Acun Il\u0131cal\u0131 &#8216;y\u0131 ne kadar tan\u0131yoruz&#8230; Medya sekt\u00f6r\u00fcn\u00fcn en ba\u015far\u0131l\u0131 isimlerinden olan Acun Il\u0131cal\u0131 Kimdir ? Nas\u0131l vergi rekortmeni oldu?<\/h4>\n<h4>\u0130\u015fte Acun Il\u0131cal\u0131 &#8216;n\u0131n hayat\u0131;<\/h4>\n<p>1969 y\u0131l\u0131nda Edirne\u2019de do\u011fan Acun Il\u0131cal\u0131, Erzurumlu bir ailenin \u00e7ocu\u011fu. \u00d6mer Il\u0131cal\u0131 ad\u0131nda bir abisi olan Acun Il\u0131cal\u0131, \u0130lkokul ve ortaokul hayat\u0131n\u0131 Edirne \u0130stikl\u00e2l \u0130lk\u00f6\u011fretim Okulu&#8217;nda ge\u00e7irdi. Orta dereceli bir \u00f6\u011frencilik hayat\u0131 olan Acun Il\u0131cal\u0131 Kad\u0131k\u00f6y Anadolu Lisesi\u2019nden mezun oldu.<\/p>\n<h4>19 Ya\u015f\u0131nda Evlilik<\/h4>\n<p>\u0130ngilizcesi \u00e7ok iyi oldu\u011fundan 3 kez \u0130stanbul \u00dcniversitesi&#8217;nin \u0130ngilizce \u00f6\u011fretmenli\u011fi b\u00f6l\u00fcm\u00fcn\u00fc kazanan ancak okulunu yar\u0131da b\u0131rakan Acun Il\u0131cal\u0131, 19 ya\u015f\u0131nda evlendi. \u0130lk evlili\u011finden Banu ad\u0131nda bir k\u0131z\u0131 olan Acun Il\u0131cal\u0131, k\u0131z\u0131 hen\u00fcz dokuz ayl\u0131kken, anne ve babas\u0131n\u0131 kaybetti. Acun Il\u0131cal\u0131 trafik kazas\u0131nda anne ve babas\u0131n\u0131 kaybederken, ara\u00e7ta olan k\u0131z\u0131 Banu \u015fans eseri hayatta kalmay\u0131 ba\u015fard\u0131. Ailesinin \u00f6l\u00fcm\u00fc \u00fczerine bunal\u0131ma giren Il\u0131cal\u0131 &#8216;n\u0131n evlili\u011fi de k\u0131sa s\u00fcrd\u00fc.<\/p>\n<p>E\u015finden bo\u015fand\u0131ktan sonra motoru ile Ba\u011fdat Caddesi\u2019nde b\u00fcy\u00fck bir kaza ge\u00e7irdi. Kazada arkas\u0131nda oturan yak\u0131n arkada\u015f\u0131 hayat\u0131n\u0131 kaybetti. Il\u0131cal\u0131 &#8216;n\u0131n ise sol kolum k\u0131r\u0131ld\u0131 ve 36 diki\u015fli bir ameliyat\u0131n ard\u0131ndan koluna platin tak\u0131ld\u0131.<\/p>\n<h4>Ticarete At\u0131ld\u0131, Ba\u015far\u0131s\u0131z Oldu<\/h4>\n<p>\u0130kinci evlili\u011fini yapan ve bu evlilikten de Leyla ve Yasemin adlar\u0131nda 2 k\u0131z\u0131 olan Acun Il\u0131cal\u0131, 1995 y\u0131l\u0131nda bir kot d\u00fckk\u00e2n\u0131 a\u00e7arak ticarete at\u0131ld\u0131 ancak iflas etti.<\/p>\n<p><a href=\"http:\/\/www.nationalturk.com\/tr\/wp-content\/uploads\/2011\/05\/acun-ilicali-kim-video.jpg\"><img loading=\"lazy\" decoding=\"async\" class=\"alignleft size-large wp-image-70226\" title=\"Acun Il\u0131cal\u0131 Kimdir?\" src=\"http:\/\/www.nationalturk.com\/tr\/wp-content\/uploads\/2011\/05\/acun-ilicali-kim-video-297x400.jpg\" alt=\"\" width=\"297\" height=\"400\" srcset=\"https:\/\/www.nationalturk.com\/tr\/wp-content\/uploads\/2011\/05\/acun-ilicali-kim-video-297x400.jpg 297w, https:\/\/www.nationalturk.com\/tr\/wp-content\/uploads\/2011\/05\/acun-ilicali-kim-video-163x220.jpg 163w, https:\/\/www.nationalturk.com\/tr\/wp-content\/uploads\/2011\/05\/acun-ilicali-kim-video.jpg 350w\" sizes=\"auto, (max-width: 297px) 100vw, 297px\" \/><\/a>Daha sonra Acun Il\u0131cal\u0131, ye\u011fenin en yak\u0131n arkada\u015f\u0131 olan Kanal D\u2019nin genel m\u00fcd\u00fcr\u00fc olan \u0130rfan \u015eahin &#8216;in deste\u011fi ile Show TV\u2019de stajyer kadrosunda i\u015fe ba\u015flad\u0131. \u0130ki ay sonra i\u015ften \u00e7\u0131kart\u0131lan ve tekrar i\u015fe al\u0131nan Acun Il\u0131cal\u0131 kariyerindeki ilk \u00e7\u0131k\u0131\u015f\u0131n\u0131 ise Be\u015fikta\u015f muhabiri iken yapt\u0131.<\/p>\n<h4>\u0130lk B\u00fcy\u00fck \u00c7\u0131k\u0131\u015f\u0131<\/h4>\n<p>Be\u015fikta\u015f muhabiriyken sporcular ile samimi olup, s\u0131cak diyaloglar i\u00e7inde bulunan ve b\u00fct\u00fcn futbolcularla \u00f6zel r\u00f6portajlar yapmaya ba\u015flayan Acun Il\u0131cal\u0131 &#8216;n\u0131n k\u0131sa s\u00fcrede y\u0131ld\u0131z\u0131 parlad\u0131.<\/p>\n<p>Daha sonra \u015eansal B\u00fcy\u00fcka&#8217;n\u0131n ekibine transfer olan Acun Il\u0131cal\u0131, stajyer olarak ald\u0131\u011f\u0131 200 TL &#8216;nin yedi kat\u0131 maa\u015fa \u00e7al\u0131\u015fmaya ba\u015flad\u0131.<\/p>\n<h4>Acun Medya &#8216;y\u0131 Kurdu<\/h4>\n<p>Televole&#8217;nin spor magazin program\u0131 oldu\u011fu y\u0131llarda bu program i\u00e7erisinde kendine ait bir b\u00f6l\u00fcm sunmaya ve bu b\u00f6l\u00fcm dahilinde d\u00fcnyay\u0131 dola\u015fmaya ba\u015flad\u0131. Ard\u0131ndan bu b\u00f6l\u00fcm\u00fc 2002 y\u0131l\u0131nda Acun Firarda ad\u0131 alt\u0131nda ayr\u0131 bir program yaparak sunmaya devam etti. Program\u0131 dolay\u0131s\u0131 ile y\u00fczbe\u015f \u00fclke gezen Acun Il\u0131cal\u0131,  2005 y\u0131l\u0131nda Acun Medya adl\u0131 prod\u00fcksiyon \u015firketini kurdu.<\/p>\n<h4>D\u00fcnyaca \u00dcnl\u00fc Yar\u0131\u015fmalar T\u00fcrkiye &#8216;de<\/h4>\n<p>Emin ad\u0131mlarla \u015firketini b\u00fcy\u00fcten Acun Il\u0131cal\u0131, Fear Factor, Survivor K\u0131zlar &#8211; Erkekler, Survivor T\u00fcrkiye &#8211; Yunanistan, Survivor Aslanlar &#8211; Kanaryalar, Var m\u0131s\u0131n Yok musun, Devler Ligi, Yetenek Sizsiniz ve Yok B\u00f6yle Dans programlar\u0131n\u0131n yap\u0131mc\u0131s\u0131, j\u00fcrisi ve sunucusu oldu.<\/p>\n<p>Ayr\u0131ca U\u011fur D\u00fcndar&#8217;\u0131n sunmu\u015f oldu\u011fu Yoksa R\u00fcya m\u0131? ve Behzat Uygur&#8217;un sunmu\u015f oldu\u011fu S\u00f6yle S\u00f6yleyebilirsen programlar\u0131n\u0131n yap\u0131mlar\u0131 da Acun Il\u0131cal\u0131 taraf\u0131ndan ger\u00e7ekle\u015ftirildi.<\/p>\n<p>Gelirinin yard\u0131m kurulu\u015flar\u0131na ba\u011f\u0131\u015flad\u0131\u011f\u0131, \u00fcnl\u00fclerin de yar\u0131\u015farak yard\u0131m kurulu\u015flar\u0131na katk\u0131da bulundu\u011fu Yok B\u00f6yle Dans yar\u0131\u015fmas\u0131n\u0131n sunuculu\u011funu ve yap\u0131mc\u0131l\u0131\u011f\u0131n\u0131 da Acun Il\u0131cal\u0131 yapt\u0131.<\/p>\n<p>\u015eimdilerde ise acun Il\u0131cal\u0131, yap\u0131mc\u0131s\u0131-sunucusu oldu\u011fu ve Dominik Cumhuriyeti &#8216;nde \u00e7ekimleri devam eden Survivor \u00dcnl\u00fcler G\u00f6n\u00fcll\u00fcler yar\u0131\u015fmas\u0131 ile ba\u015far\u0131s\u0131n\u0131 s\u00fcrd\u00fcr\u00fcyor.<\/p>\n<h4>\u0130\u015fte Acun Il\u0131cal\u0131 &#8216;n\u0131n haf\u0131zlardan silinmeyen maceralar\u0131ndan biri;<\/h4>\n[media id=1313 width=610 height=340]\n<!-- Error, Advert is not available at this time due to schedule\/geolocation restrictions! -->\n<!-- Error, Advert is not available at this time due to schedule\/geolocation restrictions! -->\n","protected":false},"excerpt":{"rendered":"<p>Acun Il\u0131cal\u0131 Kimdir Video. Medya sekt\u00f6r\u00fcn\u00fcn en ba\u015far\u0131l\u0131 isimlerinden olan Acun Il\u0131cal\u0131 Kimdir.\u0130\u015fte Acun Il\u0131cal\u0131 &#8216;n\u0131n hayat\u0131<\/p>\n","protected":false},"author":3,"featured_media":70224,"comment_status":"open","ping_status":"open","sticky":false,"template":"","format":"standard","meta":{"_acf_changed":false,"footnotes":""},"categories":[61002,5005,342],"tags":[20413,70958,65376,65374],"class_list":["post-70207","post","type-post","status-publish","format-standard","has-post-thumbnail","hentry","category-biyografi","category-manset","category-video","tag-acun-ilicali","tag-acun-ilicali-kimdir","tag-acun-ilicali-survivor","tag-acun-medya"],"acf":[],"_links":{"self":[{"href":"https:\/\/www.nationalturk.com\/tr\/wp-json\/wp\/v2\/posts\/70207","targetHints":{"allow":["GET"]}}],"collection":[{"href":"https:\/\/www.nationalturk.com\/tr\/wp-json\/wp\/v2\/posts"}],"about":[{"href":"https:\/\/www.nationalturk.com\/tr\/wp-json\/wp\/v2\/types\/post"}],"author":[{"embeddable":true,"href":"https:\/\/www.nationalturk.com\/tr\/wp-json\/wp\/v2\/users\/3"}],"replies":[{"embeddable":true,"href":"https:\/\/www.nationalturk.com\/tr\/wp-json\/wp\/v2\/comments?post=70207"}],"version-history":[{"count":0,"href":"https:\/\/www.nationalturk.com\/tr\/wp-json\/wp\/v2\/posts\/70207\/revisions"}],"wp:featuredmedia":[{"embeddable":true,"href":"https:\/\/www.nationalturk.com\/tr\/wp-json\/wp\/v2\/media\/70224"}],"wp:attachment":[{"href":"https:\/\/www.nationalturk.com\/tr\/wp-json\/wp\/v2\/media?parent=70207"}],"wp:term":[{"taxonomy":"category","embeddable":true,"href":"https:\/\/www.nationalturk.com\/tr\/wp-json\/wp\/v2\/categories?post=70207"},{"taxonomy":"post_tag","embeddable":true,"href":"https:\/\/www.nationalturk.com\/tr\/wp-json\/wp\/v2\/tags?post=70207"}],"curies":[{"name":"wp","href":"https:\/\/api.w.org\/{rel}","templated":true}]}}