{"id":70220,"date":"2011-05-25T17:09:42","date_gmt":"2011-05-25T14:09:42","guid":{"rendered":"http:\/\/www.nationalturk.com\/?p=70220"},"modified":"2011-05-25T17:09:42","modified_gmt":"2011-05-25T14:09:42","slug":"sirri-sureyya-onder-istanbul-universitesi-70220","status":"publish","type":"post","link":"https:\/\/www.nationalturk.com\/tr\/sirri-sureyya-onder-istanbul-universitesi-70220\/","title":{"rendered":"S\u0131rr\u0131 S\u00fcreyya \u00d6nder \u0130stanbul \u00dcniversitesi&#8217;nde yasak dinlemedi"},"content":{"rendered":"<h1><img loading=\"lazy\" decoding=\"async\" class=\"alignnone size-full wp-image-70221\" title=\"S\u0131rr\u0131 S\u00fcreyya \u00d6nder\" src=\"http:\/\/www.nationalturk.com\/tr\/wp-content\/uploads\/2011\/05\/sirri_sureyya_onder_istanbul_unv.jpg\" alt=\"\" width=\"610\" height=\"332\"><\/h1>\n<h1>BDP&#8217;nin destekledi\u011fi \u0130stanbul Ba\u011f\u0131ms\u0131z Milletvekili Aday\u0131 gazeteci S\u0131rr\u0131 S\u00fcreyya \u00d6nder, \u0130stanbul \u00dcniversitesi\u2019nde s\u00f6yle\u015fi yapmas\u0131na izin verilmemesi \u00fczerine kamp\u00fcs kap\u0131s\u0131nda sevenlerine seslendi.<\/h1>\n<p>Y\u0131ld\u0131z Teknik \u00dcniversitesi, \u0130stanbul Teknik \u00dcniversitesi ve \u0130stanbul \u00dcniversitesi\u2019ndeki s\u00f6yle\u015filerine izin verilmedi\u011fini belirterek &#8220;Bize bu muamele reva g\u00f6r\u00fcl\u00fcyor. Bize diyorlar ki \u2018gerginlik \u00e7\u0131kacak\u2019. Bunu T\u00fcrkiye\u2019de Bar\u0131\u015f Demokrasi ve \u00d6zg\u00fcrl\u00fck Blok\u2019unun adaylar\u0131na s\u00f6yl\u00fcyorlar\u201d dedi. \u0130stanbul \u00dcniversitesi Beyaz\u0131t Kamp\u00fcs\u00fc ana kap\u0131s\u0131 \u00f6n\u00fcnde yakla\u015f\u0131k 300 \u00f6\u011frenciye elindeki megafonla seslenen S\u0131rr\u0131 S\u00fcreyya \u00d6nder s\u0131k s\u0131k yapt\u0131\u011f\u0131 esprilerle \u00f6\u011frencileri g\u00fcld\u00fcrd\u00fc. \u00d6nder&#8217;in konu\u015fmas\u0131 olays\u0131z sona erdi.<\/p>\n<!-- Error, Advert is not available at this time due to schedule\/geolocation restrictions! -->\n<!-- Error, Advert is not available at this time due to schedule\/geolocation restrictions! -->\n","protected":false},"excerpt":{"rendered":"<p>BDP&#8217;nin destekledi\u011fi \u0130stanbul Ba\u011f\u0131ms\u0131z Milletvekili Aday\u0131 gazeteci S\u0131rr\u0131 S\u00fcreyya \u00d6nder, \u0130stanbul \u00dcniversitesi\u2019nde s\u00f6yle\u015fi yapmas\u0131na izin verilmemesi \u00fczerine kamp\u00fcs kap\u0131s\u0131nda sevenlerine seslendi.<\/p>\n","protected":false},"author":4,"featured_media":70221,"comment_status":"open","ping_status":"open","sticky":false,"template":"","format":"standard","meta":{"_acf_changed":false,"footnotes":""},"categories":[6155,5005,6202,6805],"tags":[11498,66716,21197,70077],"class_list":["post-70220","post","type-post","status-publish","format-standard","has-post-thumbnail","hentry","category-gundem","category-manset","category-politika","category-turkiye","tag-bdp","tag-bdp-adaylari","tag-istanbul-universitesi","tag-sirri-sureyya-onder"],"acf":[],"_links":{"self":[{"href":"https:\/\/www.nationalturk.com\/tr\/wp-json\/wp\/v2\/posts\/70220","targetHints":{"allow":["GET"]}}],"collection":[{"href":"https:\/\/www.nationalturk.com\/tr\/wp-json\/wp\/v2\/posts"}],"about":[{"href":"https:\/\/www.nationalturk.com\/tr\/wp-json\/wp\/v2\/types\/post"}],"author":[{"embeddable":true,"href":"https:\/\/www.nationalturk.com\/tr\/wp-json\/wp\/v2\/users\/4"}],"replies":[{"embeddable":true,"href":"https:\/\/www.nationalturk.com\/tr\/wp-json\/wp\/v2\/comments?post=70220"}],"version-history":[{"count":0,"href":"https:\/\/www.nationalturk.com\/tr\/wp-json\/wp\/v2\/posts\/70220\/revisions"}],"wp:featuredmedia":[{"embeddable":true,"href":"https:\/\/www.nationalturk.com\/tr\/wp-json\/wp\/v2\/media\/70221"}],"wp:attachment":[{"href":"https:\/\/www.nationalturk.com\/tr\/wp-json\/wp\/v2\/media?parent=70220"}],"wp:term":[{"taxonomy":"category","embeddable":true,"href":"https:\/\/www.nationalturk.com\/tr\/wp-json\/wp\/v2\/categories?post=70220"},{"taxonomy":"post_tag","embeddable":true,"href":"https:\/\/www.nationalturk.com\/tr\/wp-json\/wp\/v2\/tags?post=70220"}],"curies":[{"name":"wp","href":"https:\/\/api.w.org\/{rel}","templated":true}]}}