{"id":70796,"date":"2011-05-31T15:35:54","date_gmt":"2011-05-31T12:35:54","guid":{"rendered":"http:\/\/www.nationalturk.com\/?p=70796"},"modified":"2011-05-31T15:35:54","modified_gmt":"2011-05-31T12:35:54","slug":"kemal-kilicdaroglu-diyarbakir-mitingi-konusmasi-video-70796","status":"publish","type":"post","link":"https:\/\/www.nationalturk.com\/tr\/kemal-kilicdaroglu-diyarbakir-mitingi-konusmasi-video-70796\/","title":{"rendered":"Kemal K\u0131l\u0131\u00e7daro\u011flu Diyarbak\u0131r mitingi konu\u015fmas\u0131 \/ Video"},"content":{"rendered":"<h1><img loading=\"lazy\" decoding=\"async\" class=\"alignleft size-full wp-image-70786\" title=\"Kemal K\u0131l\u0131\u00e7daro\u011flu Diyarbak\u0131r mitingi\" src=\"http:\/\/www.nationalturk.com\/tr\/wp-content\/uploads\/2011\/05\/kemalkilicdaroglu_diyarbakir.jpg\" alt=\"\" width=\"251\" height=\"176\">Cumhuriyet Halk Partisi (CHP) Genel Ba\u015fkan\u0131 Kemal K\u0131l\u0131\u00e7daro\u011flu Diyarbak\u0131r mitinginde co\u015fkulu bir kalabal\u0131\u011fa seslenerek \u00f6nemli a\u00e7\u0131klamalar yapt\u0131. \/ Kemal K\u0131l\u0131\u00e7daro\u011flu Diyarbak\u0131r konu\u015fmas\u0131 &#8211; \u00a0Video<\/h1>\n<p>Kemal K\u0131l\u0131\u00e7daro\u011flu&#8217;nun Diyarbak\u0131r konu\u015fmas\u0131ndan sat\u0131r ba\u015flar\u0131;<br \/>\n<strong>Hapishane yerine fabrika yapaca\u011f\u0131z<\/strong><\/p>\n<p>&#8220;Erdo\u011fan diyor ki biz buralara fabrika falan yapmayaca\u011f\u0131z. 2005 s\u00f6yledi\u011fi tarih. Daha sonra dedi ki biz eski Diyarbak\u0131r hapishanesini y\u0131k\u0131p otel gibi hapishane yapaca\u011f\u0131m s\u00f6z\u00fcn\u00fc verdi. Kemal karde\u015finiz size fabrika s\u00f6z\u00fc veriyor. Eski hapishanede b\u00fcy\u00fck ac\u0131lar ya\u015fand\u0131. \u0130\u015fkenceler yap\u0131ld\u0131, insanlar, aileleri peri\u015fan edildi. O hapishaneyi de m\u00fcze haline getirece\u011fiz. Her yurtta\u015f Diyarbak\u0131rl\u0131lar\u0131n \u00e7ekti\u011fi ac\u0131lar\u0131 g\u00f6recek. Ge\u00e7mi\u015fle y\u00fczle\u015fece\u011fiz. \u00d6zg\u00fcrl\u00fck, demokrasi istiyorsak \u00f6nce ge\u00e7mi\u015fimizle y\u00fczle\u015ferek yapaca\u011f\u0131z bunu.<\/p>\n<p><strong>Bu h\u00fck\u00fcmet demokrat olabilir mi?<\/strong><\/p>\n<p>OHAL vard\u0131 burada. OHAL\u2019i kald\u0131rd\u0131k dediler. \u015eimdi her yerde OHAL var. Do\u011fuda da var bat\u0131da da var, g\u00fcneyde de var kuzeyde de var. Recep Bey\u2019in iktidar\u0131nda neler oldu? 2003-2010 aras\u0131 faili me\u00e7hul say\u0131s\u0131 110 ki\u015fi. Dur ihtar\u0131na uymad\u0131 diye kolluk g\u00fc\u00e7lerince vurulan ki\u015fi say\u0131s\u0131 315. Cezaevlerinde tutuklu olup, h\u00fck\u00fcml\u00fc olup tedavisine izin verilmeyen ve hayat\u0131n\u0131 kaybeden ki\u015fi say\u0131s\u0131 212 ki\u015fi. Daha \u00f6nemlisi ki\u015fiyi su\u00e7luyorsunuz, tutukluyorsunuz. Tutuklu say\u0131s\u0131 2005\u2019te 28 bin ki\u015fi, 2009\u2019da 52 bin ki\u015fi. Daha bunlar mahkum olmam\u0131\u015f. \u0130\u00e7eri at\u0131yorlar ve siz aylarca neden tutukland\u0131\u011f\u0131n\u0131z\u0131 dahi bilmiyorsunuz. D\u00fc\u015f\u00fcnce a\u00e7\u0131klama su\u00e7u. Sadece d\u00fc\u015f\u00fcncesini a\u00e7\u0131klad\u0131\u011f\u0131 i\u00e7in 2010\u2019un ilk 6 ay\u0131nda 596 ki\u015fi yarg\u0131lan\u0131yor. D\u00fc\u015f\u00fcnce a\u00e7\u0131klad\u0131\u011f\u0131 i\u00e7in \u00f6ng\u00f6r\u00fclen hapis cezas\u0131 1219 y\u0131l. Bunu isteyen h\u00fck\u00fcmet demokrat, \u00f6zg\u00fcrl\u00fck\u00e7\u00fc h\u00fck\u00fcmet olabilir mi? Bar\u0131\u015f\u0131, karde\u015fli\u011fi getirebilir mi? Ve geliyorum ta\u015f atan \u00e7ocuklara. Ta\u015f att\u0131 diye y\u00fczlerce \u00e7ocuk tutukland\u0131. 2009\u2019da 177 \u00e7ocuk ta\u015f att\u0131 diye yarg\u0131land\u0131, 772 y\u0131l hapse mahkum edildi. Bunlar nerede oluyor? Eski DGM, yeni ad\u0131n\u0131 de\u011fi\u015ftirdiler, \u00f6zel yetkili mahkemeler. Bu mahkemeler oldu\u011fu s\u00fcrece yarg\u0131 ba\u011f\u0131ms\u0131z olmaz, karar\u0131 siyasi otorite verir. O nedenle diyoruz ki demokrasi gelecekse her alanda gelmeli. \u0130nsanlar d\u00fc\u015f\u00fcncelerinden, kimliklerinden \u00f6t\u00fcr\u00fc hor g\u00f6r\u00fclmemeli. Ayr\u0131ma tabi tutulmamal\u0131. Her insan e\u015fit yurtta\u015fl\u0131k temelinde beraber olmal\u0131.<\/p>\n<p><strong>AKP y\u00fcrekli de\u011fil<\/strong><\/p>\n<p>Size bir \u00f6rnek verece\u011fim. Daha d\u00fcne kadar CHP stat\u00fckocu diyorlard\u0131. Ezberini bozdum, kimyas\u0131n\u0131 bozdum, \u015fifresini \u00e7\u00f6zd\u00fcm. De\u011fi\u015fimciyiz, demokrasiyi getirece\u011fiz diyorlard\u0131. \u00d6nce gel dedik, faili me\u00e7hulu ayd\u0131nlatal\u0131m. 6 tane \u00f6nerge verdik, reddettiler, faili me\u00e7hulleri g\u00f6rmezden geldiler. AKP demokrat bir parti de\u011fildir. Kay\u0131plar var y\u00fczlerce. Kay\u0131plar i\u00e7in gelin dedik komisyon kural\u0131m, uluslar aras\u0131 standartlarda, kay\u0131plar\u0131 bulal\u0131m. \u0130stanbul\u2019da kay\u0131plarla ilgili bir derne\u011fi ziyaret ettim. A\u011flayan bir anne \u015funu s\u00f6yledi, \u00e7ocu\u011fum kay\u0131p, \u00f6ld\u00fcr\u00fcld\u00fc\u011f\u00fcn\u00fc biliyorum ama mezar\u0131n\u0131 g\u00f6rmek istiyorum. Hi\u00e7 de\u011filse ba\u015f\u0131nda bir Fatiha okuyay\u0131m dedi. Dedik ki komisyon kural\u0131m. Geldi mi? Gelemez \u00e7\u00fcnk\u00fc o de\u011fi\u015fimden yana bir parti de\u011fildir. Y\u00fczde 10 baraj\u0131 getirdiler, 12 eyl\u00fcl \u00fcr\u00fcn\u00fc bir d\u00fczenleme. Sen 12 eyl\u00fcl hukukuna kar\u015f\u0131 m\u0131s\u0131n? Gel arkada\u015f dedik. Kanun teklifini verdik, geldiler mi? Gelemez \u00e7\u00fcnk\u00fc bunlar milli iradeye inanm\u0131yorlar. \u00c7\u00fcnk\u00fc bunlar ba\u015fka partilere verilen oylarla kendi milletvekillerini \u00e7\u0131kar\u0131yorlar. Biz demokrat\u0131z, biz \u00f6zg\u00fcrl\u00fck\u00e7\u00fcy\u00fcz, Ey Recep Tayyip Erdo\u011fan gel kald\u0131ral\u0131m y\u00fczde 10 baraj\u0131n\u0131 diyoruz. B\u00fct\u00fcn darbeler diyor ki TSK\u2019n\u0131n 35. Maddesi var, ona dayand\u0131r\u0131yorlar. O zaman gel de\u011fi\u015ftirelim dedik. Siz pop\u00fclizm yap\u0131yorsunuz kanun teklifi veremezsiniz dediler. Kanun teklifini verdik, AKP geldi mi? Gelmedi. Gelemez \u00e7\u00fcnk\u00fc \u00f6zg\u00fcrl\u00fck\u00e7\u00fc de\u011fil, demokrat de\u011fil, y\u00fcrekli de\u011fil.<br \/>\nAhmet Arif ne diyor? Adilo\u015f Bebe\u2019de ne diyor? Bunlar engerekler \u00e7iyanlard\u0131r, bunlar a\u015f\u0131m\u0131za g\u00f6z koyanlard\u0131r diyor. Bunlar\u0131 tan\u0131, tan\u0131 da b\u00fcy\u00fc diyor Adilo\u015f Bebeye. Bunlar\u0131 tan\u0131y\u0131n diye anlat\u0131yorum sizlere.<\/p>\n<h3>En b\u00fcy\u00fck b\u00f6l\u00fcc\u00fc Recep Tayyip Erdo\u011fan&#8217;d\u0131r<\/h3>\n<p>Erdo\u011fan diyor ki? Efendim sen T\u00fcrkiye\u2019yi b\u00f6l\u00fcyorsun. \u00d6zerklik dedin. Vah memleket par\u00e7alanacak. Buradan s\u00f6yl\u00fcyorum T\u00fcrkiye bir b\u00fct\u00fcnd\u00fcr, hi\u00e7 kimse b\u00f6lmek istemiyor. Bu g\u00fczel co\u011frafyada hepimiz karde\u015f\u00e7e, huzur i\u00e7inde ya\u015fayaca\u011f\u0131z. Efendim diyor sizin mitinginizde niye bayrak yok diyor. Bayrak bu \u00fclkenin 73 milyon ki\u015finin ortak paydas\u0131d\u0131r. Bayrak \u00fczerinden siyaset yap\u0131lmaz. Bayrak hepimizin bayra\u011f\u0131d\u0131r, onurudur, \u015ferefidir. O bayra\u011f\u0131 g\u00f6ndere \u00e7ekerken hepimiz sayg\u0131 duyar\u0131z. O bayrak \u00fczerinden politika yapmak b\u00f6l\u00fcc\u00fcl\u00fckt\u00fcr. En b\u00fcy\u00fck b\u00f6l\u00fcc\u00fc de Recep Tayyip Erdo\u011fan\u2019d\u0131r. Diyarbak\u0131r neyse \u0130zmir de odur. Hakkari neyse Edirne ne odur. Bitlis neyse Trabzon da odur. Biz niye b\u00f6l\u00fcnelim. B\u00f6lenlere kar\u015f\u0131 direniyoruz zaten. B\u00f6l\u00fcc\u00fc olan belli. Ankara\u2019da oturuyor. Kimli\u011fi belli, ad\u0131 da Recep Tayyip Erdo\u011fan\u2019d\u0131r diyoruz. Hakkari\u2019de bir eski muhtar geldi. Dedi ki \u00fclkemi seviyorum. Biz b\u00f6l\u00fcnmek istemiyoruz. Karde\u015f\u00e7e ya\u015famak istemiyoruz, bu kan\u0131 durdurun. Bar\u0131\u015f\u0131 getirin ,huzuru getirin. Size s\u00f6z\u00fcm var. Bedeli ne olursa olsun bar\u0131\u015f\u0131 getirece\u011fim, T\u00fcrkiye\u2019yi bir cennete \u00e7evirece\u011fim.<\/p>\n<p><strong>Recep Tayyip Erdo\u011fan ilgin\u00e7 bir insan<\/strong><\/p>\n<p>B\u00fct\u00fcn Diyarbak\u0131rl\u0131lara sesleniyorum. E\u011fer siz hapishane istiyorsan\u0131z eyvallah. Gidersiniz oyunuzu verirsiniz, Recep Tayyip Erdo\u011fan size s\u0131cak suyu olan hapishane yapar. Ama biz hapishane de\u011fil fabrika istiyoruz diyorsan\u0131z o zaman s\u0131rt\u0131n\u0131z\u0131 AKP\u2019ye d\u00f6neceksiniz kar\u015f\u0131ya bakacaks\u0131n\u0131z.6 oku g\u00f6receksiniz. Yeni CHP\u2019yi g\u00f6receksiniz.<\/p>\n<p>Recep Tayyip Erdo\u011fan ilgin\u00e7 bir insan. Geliyor diyor ki efendim K\u00fcrt sorunu var. Eyvallah. Bu sorun benim sorunumdur diyor eyvallah. Sonra da diyor ki b\u00f6yle bir sorun yoktur. Var m\u0131 b\u00f6yle bir sorun? Millet mi do\u011fruyu s\u00f6yler Recep Tayyip Erdo\u011fan m\u0131? B\u00f6yle bir sorun var, o sorunu \u00e7\u00f6zmek Kemal karde\u015finizin g\u00f6revi olacakt\u0131r. Diyarbak\u0131r\u2019a \u00f6nem veriyorum diyor. 1.5 milyona ula\u015fan Diyarbak\u0131r\u2019da sivil havaalan\u0131 var m\u0131? Diyarbak\u0131r\u2019da neden sivil havalaan\u0131 olmaz? Size verilen s\u00f6zlerin hepsi havada kald\u0131. Oylar\u0131n\u0131z\u0131 ald\u0131lar, sizin y\u00fcz\u00fcn\u00fcze bakmad\u0131lar. Biz \u015funu yapaca\u011f\u0131z. Oy isteyece\u011fiz. Oy verseniz de vermeseniz de sizin sorununuzu \u00e7\u00f6zece\u011fiz. \u00c7\u00fcnk\u00fc benim i\u00e7in yanda\u015f yok. Sadece vatanda\u015f var.<\/p>\n<p><strong>G\u00fcneydo\u011fuyu petro kimya \u00fcss\u00fc haline getirece\u011fiz<\/strong><\/p>\n<p>Diyarbak\u0131r\u2019a bir \u015fey vermediler derken. Hata olur, bir \u015feyler verdiler. \u00d6nce kapanan fabrikalar\u0131 a\u00e7\u0131klayay\u0131m. Diyarbak\u0131r hal\u0131 fabrikas\u0131, Diyarbak\u0131r i\u011fne iplik fabrikas\u0131, Tekel fabrikas\u0131, Tekel pazarlama \u015fubesi, t\u00fct\u00fcn i\u015fletme fabrikas\u0131 kapand\u0131. Bunlar ne a\u00e7t\u0131lar? Diyarbak\u0131r\u2019da 2002\u2019de icra dairelerinin say\u0131s\u0131 3. 2011\u2019de icra dairelerinin say\u0131s\u0131 7. Fabrika yok, istihdam yok, sorunu \u00e7\u00f6zmek yok. Millet bor\u00e7 bata\u011f\u0131nda, icra dairelerinin say\u0131s\u0131n\u0131 art\u0131r\u0131yorsun. Diyarbak\u0131r\u2019a verdikleri icra dairesi. S\u00f6z\u00fcm var size. Do\u011fu ve g\u00fcneydo\u011fuyu Petro kimya \u00fcss\u00fc haline getirece\u011fiz. Burada fabrikalar olacak, insanlar \u00e7al\u0131\u015facak ve ak\u015fam evine huzurla girecek.<\/p>\n<p>Recep beyin derdi zaten para. Neden para? 2.5 ayl\u0131k K\u00fcbra annesinin kuca\u011f\u0131nda a\u00e7l\u0131ktan \u00f6ld\u00fc. Diyarbak\u0131r\u2019dan bir anne, 4 \u00e7ocu\u011funa kahvalt\u0131 veremedi diye intihar etti. Ben bu sorunu da \u00e7\u00f6zece\u011fim. Aile sigortas\u0131 getirece\u011fim. Geliri olmayan veya geliri asgari \u00fccretin alt\u0131nda olan hanenin kad\u0131n\u0131n\u0131n hesab\u0131na 600 tl yat\u0131raca\u011f\u0131z ve hi\u00e7 kimseyi namerde muhta\u00e7 etmeyece\u011fiz.<\/p>\n<p><strong>NationalTurk<\/strong><\/p>\n<p><strong>Kemal K\u0131l\u0131\u00e7daro\u011flu Diyarbak\u0131r konu\u015fmas\u0131 \/ Video<\/strong><\/p>\n<p><strong>[media id=1326 width=610 height=340]<\/strong><\/p>\n<p><strong>[media id=1327 width=610 height=340]\n<\/strong><\/p>\n<p><strong><!-- Error, Advert is not available at this time due to schedule\/geolocation restrictions! --><\/strong><\/p>\n<p><strong><!-- Error, Advert is not available at this time due to schedule\/geolocation restrictions! -->\n<\/strong><\/p>\n","protected":false},"excerpt":{"rendered":"<p>Cumhuriyet Halk Partisi (CHP) Genel Ba\u015fkan\u0131 Kemal K\u0131l\u0131\u00e7daro\u011flu Diyarbak\u0131r mitinginde co\u015fkulu bir kalabal\u0131\u011fa seslenerek \u00f6nemli a\u00e7\u0131klamalar yapt\u0131. \/ Kemal K\u0131l\u0131\u00e7daro\u011flu Diyarbak\u0131r konu\u015fmas\u0131 &#8211;  Video<\/p>\n","protected":false},"author":4,"featured_media":70786,"comment_status":"open","ping_status":"open","sticky":false,"template":"","format":"standard","meta":{"_acf_changed":false,"footnotes":""},"categories":[1],"tags":[8723,69548,5115,69549],"class_list":["post-70796","post","type-post","status-publish","format-standard","has-post-thumbnail","hentry","category-nationalturk","tag-chp","tag-chp-diyarbakir","tag-kemal-kilicdaroglu","tag-kemal-kilicdaroglu-diyarbakir"],"acf":[],"_links":{"self":[{"href":"https:\/\/www.nationalturk.com\/tr\/wp-json\/wp\/v2\/posts\/70796","targetHints":{"allow":["GET"]}}],"collection":[{"href":"https:\/\/www.nationalturk.com\/tr\/wp-json\/wp\/v2\/posts"}],"about":[{"href":"https:\/\/www.nationalturk.com\/tr\/wp-json\/wp\/v2\/types\/post"}],"author":[{"embeddable":true,"href":"https:\/\/www.nationalturk.com\/tr\/wp-json\/wp\/v2\/users\/4"}],"replies":[{"embeddable":true,"href":"https:\/\/www.nationalturk.com\/tr\/wp-json\/wp\/v2\/comments?post=70796"}],"version-history":[{"count":0,"href":"https:\/\/www.nationalturk.com\/tr\/wp-json\/wp\/v2\/posts\/70796\/revisions"}],"wp:featuredmedia":[{"embeddable":true,"href":"https:\/\/www.nationalturk.com\/tr\/wp-json\/wp\/v2\/media\/70786"}],"wp:attachment":[{"href":"https:\/\/www.nationalturk.com\/tr\/wp-json\/wp\/v2\/media?parent=70796"}],"wp:term":[{"taxonomy":"category","embeddable":true,"href":"https:\/\/www.nationalturk.com\/tr\/wp-json\/wp\/v2\/categories?post=70796"},{"taxonomy":"post_tag","embeddable":true,"href":"https:\/\/www.nationalturk.com\/tr\/wp-json\/wp\/v2\/tags?post=70796"}],"curies":[{"name":"wp","href":"https:\/\/api.w.org\/{rel}","templated":true}]}}