{"id":70959,"date":"2011-06-02T10:17:48","date_gmt":"2011-06-02T07:17:48","guid":{"rendered":"http:\/\/www.nationalturk.com\/?p=70959"},"modified":"2011-06-02T10:17:48","modified_gmt":"2011-06-02T07:17:48","slug":"ersan-gulum-galatasaray-da-galatasaray-transfer-70959","status":"publish","type":"post","link":"https:\/\/www.nationalturk.com\/tr\/ersan-gulum-galatasaray-da-galatasaray-transfer-70959\/","title":{"rendered":"Ersan G\u00fcl\u00fcm: Galatasaray&#8217;da oynar\u0131m \/ Transfer Haberleri"},"content":{"rendered":"<h1><img loading=\"lazy\" decoding=\"async\" class=\"alignnone size-full wp-image-70879\" title=\"Ersan G\u00fcl\u00fcm\" src=\"http:\/\/www.nationalturk.com\/tr\/wp-content\/uploads\/2011\/06\/ersan_gulum_gol.jpg\" alt=\"\" width=\"610\" height=\"350\"><\/h1>\n<h1>Adanaspor Ba\u015fkan\u0131 Bayram Akg\u00fcl, Ersan G\u00fcl\u00fcm i\u00e7in Galatasaray&#8217;dan resmi teklif ald\u0131klar\u0131n\u0131 ve Pazartesi g\u00fcn\u00fc Galatasaray ile g\u00f6r\u00fc\u015feceklerini a\u00e7\u0131klad\u0131. \/ Ersan G\u00fcl\u00fcm Galatasaray&#8217;da m\u0131? \/ Transfer Haberleri&#8230;<\/h1>\n<p>Kiral\u0131k olarak oynad\u0131\u011f\u0131 Be\u015fikta\u015f&#8217;ta k\u0131sa s\u00fcre i\u00e7inde milli tak\u0131ma kadar y\u00fckselen Ersan G\u00fcl\u00fcm Galatasaray&#8217;a yak\u0131n. Daha \u00f6nce yapt\u0131\u011f\u0131 g\u00f6r\u00fc\u015fmelerde Be\u015fikta\u015f&#8217;la anla\u015famayan Adanaspor Ba\u015fkan\u0131 Bayram Akg\u00fcl, Galatasaray&#8217;\u0131n gen\u00e7 futbolcu i\u00e7in resmi teklifini yapt\u0131\u011f\u0131n\u0131 ve Pazartesi g\u00fcn\u00fc sar\u0131 k\u0131rm\u0131z\u0131l\u0131 y\u00f6netimle g\u00f6r\u00fc\u015feceklerini a\u00e7\u0131klad\u0131.<\/p>\n<p>Bu arada Ersan G\u00fcl\u00fcm, &#8220;Be\u015fikta\u015f&#8217;tan ba\u015fka tak\u0131mda oynamam&#8221; \u015feklinde bir a\u00e7\u0131klamay\u0131 hi\u00e7bir zaman yapmad\u0131\u011f\u0131n\u0131 s\u00f6yledi. Sporx internet sitesine r\u00f6portaj veren Ersan G\u00fcl\u00fcm, &#8220;Bu tarz bir a\u00e7\u0131klamam kesinlikle olmad\u0131. Zaten futbolda gelece\u011finizle ilgili bu kadar net konu\u015famazs\u0131n\u0131z. Yaln\u0131zca Be\u015fikta\u015f&#8217;ta mutluyum, in\u015fallah ba\u015fkanlar anla\u015f\u0131r demi\u015ftim. Ama \u015fu an g\u00f6r\u00fc\u015fmeler devam ediyor ve ne olaca\u011f\u0131n\u0131 bekliyorum&#8221; dedi.<\/p>\n<p>Ersan G\u00fcl\u00fcm Galatasaray hakk\u0131nda ise \u015funlar\u0131 s\u00f6yledi:<\/p>\n<p>&#8220;Tam bilmiyorum ama baz\u0131 g\u00f6r\u00fc\u015fmeler ve temaslar\u0131 olmu\u015f galiba. Bayram ba\u015fkan\u0131mla konu\u015ftu\u011fumda \u00f6yle sezdim. Bu olaylarda medyaya yans\u0131y\u0131nca G.Saray&#8217;daki yak\u0131n arkada\u015flar\u0131m hemen telefona sar\u0131l\u0131p beni arad\u0131lar. Manisaspor&#8217;da oynad\u0131\u011f\u0131m d\u00f6nemde Arda, Hakan Abi, Sel\u00e7uk \u0130nan ve kaleci Ufuk&#8217;la \u00e7ok iyi arkada\u015ft\u0131m. Beni aray\u0131p \u201cgeliyorsun bize dimi\u201d diyorlar. Ben bilmiyorum.  Benim bu konuda tek dile\u011fim ve duam var o da \u201cAllah&#8217;\u0131m benim hakk\u0131mda hangisi hay\u0131rl\u0131ysa o olsun\u201d diyorum. Ben profesyonel bir futbolcuyum.&#8221;<\/p>\n<!-- Error, Advert is not available at this time due to schedule\/geolocation restrictions! -->\n<span style=\"font-weight: bold; color: #f00;\">Error, group does not exist! Check your syntax! (ID: 102)<\/span>\n","protected":false},"excerpt":{"rendered":"<p>Adanaspor Ba\u015fkan\u0131 Bayram Akg\u00fcl, Ersan G\u00fcl\u00fcm i\u00e7in Galatasaray&#8217;dan resmi teklif ald\u0131klar\u0131n\u0131 ve Pazartesi g\u00fcn\u00fc Galatasaray ile g\u00f6r\u00fc\u015feceklerini a\u00e7\u0131klad\u0131. \/ Ersan G\u00fcl\u00fcm Galatasaray&#8217;da m\u0131? \/ Transfer Haberleri&#8230;<\/p>\n","protected":false},"author":4,"featured_media":70879,"comment_status":"open","ping_status":"open","sticky":false,"template":"","format":"standard","meta":{"_acf_changed":false,"footnotes":""},"categories":[1],"tags":[1748,52647,71539,71374,71537,71375,71538,71536,4114],"class_list":["post-70959","post","type-post","status-publish","format-standard","has-post-thumbnail","hentry","category-nationalturk","tag-besiktas","tag-ersan-gulum","tag-ersan-gulum-besiktastan-baska-takimda-oynamam","tag-ersan-gulum-galatasaray","tag-ersan-gulum-galatasaray-da","tag-ersan-gulum-galatasarayda","tag-ersan-gulum-roportaj","tag-ersan-gulum-roportaji","tag-galatasaray"],"acf":[],"_links":{"self":[{"href":"https:\/\/www.nationalturk.com\/tr\/wp-json\/wp\/v2\/posts\/70959","targetHints":{"allow":["GET"]}}],"collection":[{"href":"https:\/\/www.nationalturk.com\/tr\/wp-json\/wp\/v2\/posts"}],"about":[{"href":"https:\/\/www.nationalturk.com\/tr\/wp-json\/wp\/v2\/types\/post"}],"author":[{"embeddable":true,"href":"https:\/\/www.nationalturk.com\/tr\/wp-json\/wp\/v2\/users\/4"}],"replies":[{"embeddable":true,"href":"https:\/\/www.nationalturk.com\/tr\/wp-json\/wp\/v2\/comments?post=70959"}],"version-history":[{"count":0,"href":"https:\/\/www.nationalturk.com\/tr\/wp-json\/wp\/v2\/posts\/70959\/revisions"}],"wp:featuredmedia":[{"embeddable":true,"href":"https:\/\/www.nationalturk.com\/tr\/wp-json\/wp\/v2\/media\/70879"}],"wp:attachment":[{"href":"https:\/\/www.nationalturk.com\/tr\/wp-json\/wp\/v2\/media?parent=70959"}],"wp:term":[{"taxonomy":"category","embeddable":true,"href":"https:\/\/www.nationalturk.com\/tr\/wp-json\/wp\/v2\/categories?post=70959"},{"taxonomy":"post_tag","embeddable":true,"href":"https:\/\/www.nationalturk.com\/tr\/wp-json\/wp\/v2\/tags?post=70959"}],"curies":[{"name":"wp","href":"https:\/\/api.w.org\/{rel}","templated":true}]}}