{"id":71112,"date":"2011-06-03T11:34:27","date_gmt":"2011-06-03T08:34:27","guid":{"rendered":"http:\/\/www.nationalturk.com\/?p=71112"},"modified":"2011-06-03T11:34:27","modified_gmt":"2011-06-03T08:34:27","slug":"konya-tavsancali-trafik-kazasi-71112","status":"publish","type":"post","link":"https:\/\/www.nationalturk.com\/tr\/konya-tavsancali-trafik-kazasi-71112\/","title":{"rendered":"Konya Tav\u015fan\u00e7al\u0131&#8217;da trafik kazas\u0131: 1 \u00f6l\u00fc, 9 yaral\u0131"},"content":{"rendered":"<h1><img loading=\"lazy\" decoding=\"async\" class=\"alignleft size-medium wp-image-71113\" src=\"http:\/\/www.nationalturk.com\/tr\/wp-content\/uploads\/2011\/06\/trafik_canavari1-220x220.jpg\" alt=\"\" width=\"220\" height=\"220\" title=\"\" srcset=\"https:\/\/www.nationalturk.com\/tr\/wp-content\/uploads\/2011\/06\/trafik_canavari1-220x220.jpg 220w, https:\/\/www.nationalturk.com\/tr\/wp-content\/uploads\/2011\/06\/trafik_canavari1-50x50.jpg 50w, https:\/\/www.nationalturk.com\/tr\/wp-content\/uploads\/2011\/06\/trafik_canavari1-400x400.jpg 400w, https:\/\/www.nationalturk.com\/tr\/wp-content\/uploads\/2011\/06\/trafik_canavari1.jpg 500w\" sizes=\"auto, (max-width: 220px) 100vw, 220px\" \/>Konya Tav\u015fan\u00e7al\u0131&#8217;da trafik kazas\u0131: 1 \u00f6l\u00fc, 9 yaral\u0131!\u00a0Konya&#8217;n\u0131n Cihanbeyli il\u00e7esine ba\u011fl\u0131 Tav\u015fan\u00e7al\u0131 beldesi yak\u0131nlar\u0131nda meydana gelen trafik kazas\u0131nda bir ki\u015fi hayat\u0131n\u0131 kaybetti, 9 ki\u015fi de yaraland\u0131.<\/h1>\n<p>Al\u0131nan bilgilere g\u00f6re\u00a0Tav\u015fan\u00e7al\u0131 Beldesi yak\u0131nlar\u0131nda 07 NMP 62 plakal\u0131 ara\u00e7, yoldan \u00e7\u0131karak \u015farampole devrildi. Kazada, Abdullah Kelleci (52) hayat\u0131n\u0131 kaybetti. Ara\u00e7ta bulunan Min\u00fcre Akbay (25), \u00d6zge \u015eaha (26), Meral Kan\u0131g\u00fcl, Mehmet Kan\u0131g\u00fcl (13), Elif Kan\u0131g\u00fcl (4), Gamze \u00c7ak\u0131ralp (30), S\u00fcleyman Eren (6), \u0130brahim Efe (10) ve Zeynep Mihra\u00e7 \u015eaha (1) yaraland\u0131. Yaral\u0131lar, Konya&#8217;daki \u00e7e\u015fitli hastanelere kald\u0131r\u0131ld\u0131.<\/p>\n<!-- Error, Advert is not available at this time due to schedule\/geolocation restrictions! -->\n","protected":false},"excerpt":{"rendered":"<p>Konya Tav\u015fan\u00e7al\u0131&#8217;da trafik kazas\u0131: 1 \u00f6l\u00fc, 9 yaral\u0131! Konya&#8217;n\u0131n Cihanbeyli il\u00e7esine ba\u011fl\u0131 Tav\u015fan\u00e7al\u0131 beldesi yak\u0131nlar\u0131nda meydana gelen trafik kazas\u0131nda bir ki\u015fi hayat\u0131n\u0131 kaybetti, 9 ki\u015fi de yaraland\u0131.<\/p>\n","protected":false},"author":4,"featured_media":71113,"comment_status":"open","ping_status":"open","sticky":false,"template":"","format":"standard","meta":{"_acf_changed":false,"footnotes":""},"categories":[349,6805],"tags":[71768,760,71769,15211],"class_list":["post-71112","post","type-post","status-publish","format-standard","has-post-thumbnail","hentry","category-son-dakika","category-turkiye","tag-cihanbeyli","tag-konya","tag-konya-cihanbeyli","tag-konya-trafik-kazasi"],"acf":[],"_links":{"self":[{"href":"https:\/\/www.nationalturk.com\/tr\/wp-json\/wp\/v2\/posts\/71112","targetHints":{"allow":["GET"]}}],"collection":[{"href":"https:\/\/www.nationalturk.com\/tr\/wp-json\/wp\/v2\/posts"}],"about":[{"href":"https:\/\/www.nationalturk.com\/tr\/wp-json\/wp\/v2\/types\/post"}],"author":[{"embeddable":true,"href":"https:\/\/www.nationalturk.com\/tr\/wp-json\/wp\/v2\/users\/4"}],"replies":[{"embeddable":true,"href":"https:\/\/www.nationalturk.com\/tr\/wp-json\/wp\/v2\/comments?post=71112"}],"version-history":[{"count":0,"href":"https:\/\/www.nationalturk.com\/tr\/wp-json\/wp\/v2\/posts\/71112\/revisions"}],"wp:featuredmedia":[{"embeddable":true,"href":"https:\/\/www.nationalturk.com\/tr\/wp-json\/wp\/v2\/media\/71113"}],"wp:attachment":[{"href":"https:\/\/www.nationalturk.com\/tr\/wp-json\/wp\/v2\/media?parent=71112"}],"wp:term":[{"taxonomy":"category","embeddable":true,"href":"https:\/\/www.nationalturk.com\/tr\/wp-json\/wp\/v2\/categories?post=71112"},{"taxonomy":"post_tag","embeddable":true,"href":"https:\/\/www.nationalturk.com\/tr\/wp-json\/wp\/v2\/tags?post=71112"}],"curies":[{"name":"wp","href":"https:\/\/api.w.org\/{rel}","templated":true}]}}