{"id":71181,"date":"2011-06-03T17:09:03","date_gmt":"2011-06-03T14:09:03","guid":{"rendered":"http:\/\/www.nationalturk.com\/?p=71181"},"modified":"2022-09-11T15:39:29","modified_gmt":"2022-09-11T12:39:29","slug":"basbakan-erdogan-konya-mitingi-71181","status":"publish","type":"post","link":"https:\/\/www.nationalturk.com\/tr\/basbakan-erdogan-konya-mitingi-71181\/","title":{"rendered":"Erdo\u011fan Konya&#8217;da konu\u015ftu: K\u0131l\u0131\u00e7daro\u011flu uluslararas\u0131 \u00e7ete projesi"},"content":{"rendered":"<h1><img loading=\"lazy\" decoding=\"async\" class=\"alignleft size-medium wp-image-71182\" title=\"Ba\u015fbakan Erdo\u011fan\" src=\"http:\/\/www.nationalturk.com\/tr\/wp-content\/uploads\/2011\/06\/erdogan_konya-280x186.jpg\" alt=\"\" width=\"280\" height=\"186\" srcset=\"https:\/\/www.nationalturk.com\/tr\/wp-content\/uploads\/2011\/06\/erdogan_konya-280x186.jpg 280w, https:\/\/www.nationalturk.com\/tr\/wp-content\/uploads\/2011\/06\/erdogan_konya.jpg 500w\" sizes=\"auto, (max-width: 280px) 100vw, 280px\" \/>Ba\u015fbakan Erdo\u011fan Konya&#8217;da d\u00fczenlenen mitingde CHP Genel Ba\u015fkan\u0131 Kemal K\u0131l\u0131\u00e7daro\u011flu\u2019nun, sadece T\u00fcrkiye\u2019deki \u00e7etelerin de\u011fil, uluslararas\u0131 \u00e7etelerin bir projesi oldu\u011funu iddia etti.<\/h1>\n<p>Konya H\u00fck\u00fcmet meydan\u0131nda, yakla\u015f\u0131k 15 bin ki\u015fiye seslenen Ba\u015fbakan Recep Tayyip Erdo\u011fan, ana muhalefet partisine y\u00f6nelik ele\u015ftirilerini burada da s\u00fcrd\u00fcrd\u00fc. The Economist\u2019in CHP\u2019yi desteklemesinin arkas\u0131nda ba\u015fka hesaplar\u0131n oldu\u011funu dile getiren Ba\u015fbakan Erdo\u011fan, Kemal K\u0131l\u0131\u00e7daro\u011flu\u2019na \u2018Sanal Genel Ba\u015fkan\u2019 nitelemesinde bulundu. Erdo\u011fan, \u015f\u00f6yle konu\u015ftu:<\/p>\n<p>\u201cNe diyor CHP\u2019nin sanal genel ba\u015fkan\u0131?\u2018 Biz olsayd\u0131k Mavi Marmara\u2019n\u0131n yola \u00e7\u0131kmas\u0131na izin vermezdik. Ne diyor CHP\u2019nin proje genel ba\u015fkan\u0131, \u2018Biz olsayd\u0131k \u0130srail ile ili\u015fkilerin bozulmas\u0131na izin vermezdik\u2019. Biz sizin d\u00f6nemlerinizi biliriz. Biz CHP d\u00f6nemlerindeki politikay\u0131 biliriz. Biz CHP\u2019de mon\u015ferlerin \u00e7izdi\u011fi d\u0131\u015f politikan\u0131n ne oldu\u011funu \u00e7ok iyi biliriz. \u0130n\u00f6n\u00fc CHP\u2019sinin \u0130srail\u2019i ilk tan\u0131yan h\u00fck\u00fcmetlerden biri oldu\u011funu \u00e7ok iyi biliriz. Belli ki CHP genel ba\u015fkan\u0131n\u0131n \u0130srail\u2019e verdi\u011fi selam kar\u015f\u0131l\u0131\u011f\u0131n\u0131 bulmu\u015f. Uluslararas\u0131 bir yay\u0131n organ\u0131n\u0131n bu kadar a\u00e7\u0131k \u00e7a\u011fr\u0131 yapmas\u0131, CHP\u2019nin nas\u0131l bir proje oldu\u011funu ortaya koymu\u015ftur. Ey The Economist, bu \u00fclkede CHP il ba\u015fkanlar\u0131n\u0131n valilik yapt\u0131\u011f\u0131n\u0131. Hesap ba\u015fka. Me\u011fer CHP genel ba\u015fkan\u0131, sadece ulusalc\u0131 bir proje de\u011fil, uluslararas\u0131 bir projeymi\u015f. CHP\u2019nin genel ba\u015fkan\u0131n\u0131 T\u00fcrkiye\u2019deki \u00e7etelerin projesi biliyorduk. Me\u011fer sadece onlar\u0131n de\u011fil, k\u00fcresel \u00e7etelerin de projesiymi\u015f. Sadece Konya\u2019ya de\u011fil t\u00fcm T\u00fcrkiye\u2019ye sesleniyorum. CHP\u2019ye oy vermi\u015f karde\u015flerime sesleniyorum. CHP genel ba\u015fkan\u0131, nas\u0131l bir proje oldu\u011funu i\u015fte g\u00f6r\u00fcn. CHP genel ba\u015fkan\u0131n\u0131n kimlerle i\u015f tuttu\u011funu, arkas\u0131nda kimlerin oldu\u011funu i\u015fte g\u00f6r\u00fcn.\u201d<\/p>\n<p>Ba\u015fbakan, konu\u015fmas\u0131nda, Mevlana\u2019dan al\u0131nt\u0131larla devam etti. D\u0131\u015fi\u015fleri Bakan\u0131 Ahmet Davuto\u011flu\u2019nun t\u0131pk\u0131 Mevlana\u2019n\u0131n s\u00f6z\u00fcnde oldu\u011fu gibi, bir aya\u011f\u0131n\u0131n Konya\u2019da bir aya\u011f\u0131n\u0131n d\u00fcnyan\u0131n d\u00f6rt bir yan\u0131nda oldu\u011funu kaydeden Erdo\u011fan, hi\u00e7bir \u00fclkeye s\u0131rt d\u00f6nemeyeceklerini s\u00f6yledi.<br \/>\nYa\u015fanan olaylara kay\u0131ts\u0131z kalmalar\u0131 halinde, bunun hesab\u0131n\u0131 millete veremeyeceklerini aktaran Erdo\u011fan, \u201c\u015eundan emin olun, sevgili karde\u015flerim, biz Afganistan\u2019a s\u0131rt\u0131m\u0131z\u0131 d\u00f6nersek milletin y\u00fcz\u00fcne bakamay\u0131z. E\u011fer biz Irak\u2019a s\u0131rt\u0131m\u0131z\u0131 d\u00f6nersek Konya\u2019n\u0131n y\u00fcz\u00fcne bakamay\u0131z. E\u011fer biz Filistin\u2019e, Gazze\u2019ye, Ramallah\u2019a, Trablus\u2019a s\u0131rt\u0131m\u0131z\u0131 d\u00f6nersek inan\u0131n biz Hz. Mevlana\u2019n\u0131n huzuruna varamay\u0131z. E\u011fer biz Azerbaycan\u2019\u0131 yaln\u0131z ba\u015f\u0131na b\u0131rakacak olursak bu millete hesab\u0131n\u0131 veremeyiz. \u0130\u015fte onun i\u00e7in b\u00f6lgesel meselelerde aktif olarak arabuluculuk yap\u0131yoruz. \u0130\u015fte onun i\u00e7in k\u00fcresel bar\u0131\u015fa hizmet ediyoruz, medeniyetler ittifak\u0131yla Mevlana\u2019n\u0131n, Yunus\u2019un mesajlar\u0131n\u0131 Japonya\u2019ya kadar biz ula\u015ft\u0131r\u0131yoruz. Diline, inanc\u0131na, derisine, rengine bakmadan, ma\u011fdurlar\u0131n, mazlumlar\u0131n imdad\u0131na biz ko\u015fuyoruz. Bize yak\u0131\u015fan budur, Sel\u00e7uklu&#8217;nun torunlar\u0131na yak\u0131\u015fan budur, Osmanl\u0131\u2019n\u0131n torunlar\u0131na yak\u0131\u015fan budur. Cumhuriyet&#8217;in \u00e7ocuklar\u0131na yak\u0131\u015fan budur. Biz \u015fu anda birilerinin yapt\u0131klar\u0131 gibi egemen g\u00fc\u00e7lere \u015firin g\u00f6r\u00fcnme sevdas\u0131 i\u00e7inde de\u011filiz. Akdeniz\u2019de korsanl\u0131k yapanlara biz selam vermeyiz. Dokuz karde\u015fimizi Mavi Marmara\u2019da katledenleri biz dost tutmay\u0131z. Diklenmeden adam gibi dik dururuz.\u201d<\/p>\n<!-- Error, Advert is not available at this time due to schedule\/geolocation restrictions! -->\n<p>&nbsp;<\/p>\n<span style=\"font-weight: bold; color: #f00;\">Error, group does not exist! Check your syntax! (ID: 59)<\/span>\n","protected":false},"excerpt":{"rendered":"<p>Ba\u015fbakan Erdo\u011fan Konya&#8217;da d\u00fczenlenen mitingde CHP Genel Ba\u015fkan\u0131 Kemal K\u0131l\u0131\u00e7daro\u011flu\u2019nun, sadece T\u00fcrkiye\u2019deki \u00e7etelerin de\u011fil, uluslararas\u0131 \u00e7etelerin bir projesi oldu\u011funu iddia etti.<\/p>\n","protected":false},"author":4,"featured_media":71182,"comment_status":"open","ping_status":"open","sticky":false,"template":"","format":"standard","meta":{"_acf_changed":false,"footnotes":""},"categories":[6155,5005,6202,6805,220816],"tags":[9476,3888,8723,71836,863,5115,28040],"class_list":["post-71181","post","type-post","status-publish","format-standard","has-post-thumbnail","hentry","category-gundem","category-manset","category-politika","category-turkiye","category-uzak-dogu","tag-akp","tag-basbakan-erdogan","tag-chp","tag-erdogan-konya","tag-japonya","tag-kemal-kilicdaroglu","tag-mavi-marmara"],"acf":[],"_links":{"self":[{"href":"https:\/\/www.nationalturk.com\/tr\/wp-json\/wp\/v2\/posts\/71181","targetHints":{"allow":["GET"]}}],"collection":[{"href":"https:\/\/www.nationalturk.com\/tr\/wp-json\/wp\/v2\/posts"}],"about":[{"href":"https:\/\/www.nationalturk.com\/tr\/wp-json\/wp\/v2\/types\/post"}],"author":[{"embeddable":true,"href":"https:\/\/www.nationalturk.com\/tr\/wp-json\/wp\/v2\/users\/4"}],"replies":[{"embeddable":true,"href":"https:\/\/www.nationalturk.com\/tr\/wp-json\/wp\/v2\/comments?post=71181"}],"version-history":[{"count":0,"href":"https:\/\/www.nationalturk.com\/tr\/wp-json\/wp\/v2\/posts\/71181\/revisions"}],"wp:featuredmedia":[{"embeddable":true,"href":"https:\/\/www.nationalturk.com\/tr\/wp-json\/wp\/v2\/media\/71182"}],"wp:attachment":[{"href":"https:\/\/www.nationalturk.com\/tr\/wp-json\/wp\/v2\/media?parent=71181"}],"wp:term":[{"taxonomy":"category","embeddable":true,"href":"https:\/\/www.nationalturk.com\/tr\/wp-json\/wp\/v2\/categories?post=71181"},{"taxonomy":"post_tag","embeddable":true,"href":"https:\/\/www.nationalturk.com\/tr\/wp-json\/wp\/v2\/tags?post=71181"}],"curies":[{"name":"wp","href":"https:\/\/api.w.org\/{rel}","templated":true}]}}