{"id":71205,"date":"2011-06-04T11:01:18","date_gmt":"2011-06-04T08:01:18","guid":{"rendered":"http:\/\/www.nationalturk.com\/?p=71205"},"modified":"2022-09-11T13:57:53","modified_gmt":"2022-09-11T10:57:53","slug":"japonya-nukleer-felaket-71205","status":"publish","type":"post","link":"https:\/\/www.nationalturk.com\/tr\/japonya-nukleer-felaket-71205\/","title":{"rendered":"Japonya&#8217;da n\u00fckleer felaket devam ediyor"},"content":{"rendered":"<h2><a href=\"http:\/\/www.nationalturk.com\/tr\/wp-content\/uploads\/2011\/06\/japonya-nukleer-felaket.jpg\"><img loading=\"lazy\" decoding=\"async\" class=\"alignleft size-full wp-image-71206\" title=\"Japonya&#039;da n\u00fckleer felaket devam ediyor\" src=\"http:\/\/www.nationalturk.com\/tr\/wp-content\/uploads\/2011\/06\/japonya-nukleer-felaket.jpg\" alt=\"\" width=\"272\" height=\"204\"><\/a><\/h2>\n<h2>Japonya&#8217;da ya\u015fanan tayfunun ard\u0131ndan hasarl\u0131 Fuku\u015fima n\u00fckleer santralindeki radyasyonla kirlenmi\u015f su miktar\u0131n\u0131n 105 bin ton oldu\u011fu a\u00e7\u0131kland\u0131.<\/h2>\n<p>Bas\u0131n kurumlar\u0131 ya\u011fmur d\u00f6neminin ba\u015flamas\u0131yla n\u00fckleer felaketin etkisinin daha da artabilece\u011fi uyar\u0131s\u0131n\u0131 yap\u0131yor.<\/p>\n<p>Tokyo Elektrik TEPCO fabrika y\u00f6netimi 15 Haziran tarihinden itibaren su seviyesinin artmas\u0131yla ek \u00f6nlemler almak durumunda kalacaklar\u0131n\u0131 belirtti.<\/p>\n<p>Hat\u0131rlanaca\u011f\u0131 gibi Fuku\u015fima n\u00fckleer santrali 11 Mart 2011 g\u00fcn\u00fc meydana gelen 9.0 \u015fiddetindeki deprem ve tsunaminin ard\u0131ndan \u00e7ok b\u00fcy\u00fck hasar g\u00f6rm\u00fc\u015ft\u00fc.<\/p>\n","protected":false},"excerpt":{"rendered":"<p>Japonya&#8217;da ya\u015fanan tayfunun ard\u0131ndan hasarl\u0131 Fuku\u015fima n\u00fckleer santralindeki radyasyonla kirlenmi\u015f su miktar\u0131n\u0131n 105 bin ton oldu\u011fu a\u00e7\u0131kland\u0131.<\/p>\n","protected":false},"author":3,"featured_media":71206,"comment_status":"open","ping_status":"open","sticky":false,"template":"","format":"standard","meta":{"_acf_changed":false,"footnotes":""},"categories":[6769,6665,6155,5005,220816,6662],"tags":[65320,65390,863,64890,39015],"class_list":["post-71205","post","type-post","status-publish","format-standard","has-post-thumbnail","hentry","category-asya","category-dunya","category-gundem","category-manset","category-uzak-dogu","category-yasam","tag-fukusima","tag-fukusima-nukleer-santrali","tag-japonya","tag-japonya-nukleer-felaket","tag-tsunami"],"acf":[],"_links":{"self":[{"href":"https:\/\/www.nationalturk.com\/tr\/wp-json\/wp\/v2\/posts\/71205","targetHints":{"allow":["GET"]}}],"collection":[{"href":"https:\/\/www.nationalturk.com\/tr\/wp-json\/wp\/v2\/posts"}],"about":[{"href":"https:\/\/www.nationalturk.com\/tr\/wp-json\/wp\/v2\/types\/post"}],"author":[{"embeddable":true,"href":"https:\/\/www.nationalturk.com\/tr\/wp-json\/wp\/v2\/users\/3"}],"replies":[{"embeddable":true,"href":"https:\/\/www.nationalturk.com\/tr\/wp-json\/wp\/v2\/comments?post=71205"}],"version-history":[{"count":0,"href":"https:\/\/www.nationalturk.com\/tr\/wp-json\/wp\/v2\/posts\/71205\/revisions"}],"wp:featuredmedia":[{"embeddable":true,"href":"https:\/\/www.nationalturk.com\/tr\/wp-json\/wp\/v2\/media\/71206"}],"wp:attachment":[{"href":"https:\/\/www.nationalturk.com\/tr\/wp-json\/wp\/v2\/media?parent=71205"}],"wp:term":[{"taxonomy":"category","embeddable":true,"href":"https:\/\/www.nationalturk.com\/tr\/wp-json\/wp\/v2\/categories?post=71205"},{"taxonomy":"post_tag","embeddable":true,"href":"https:\/\/www.nationalturk.com\/tr\/wp-json\/wp\/v2\/tags?post=71205"}],"curies":[{"name":"wp","href":"https:\/\/api.w.org\/{rel}","templated":true}]}}